{"id":65625,"date":"2026-04-24T15:13:21","date_gmt":"2026-04-24T13:13:21","guid":{"rendered":"https:\/\/morettidesign.it\/2026\/04\/24\/la-fibra-ottica-come-leva-del-made-in-italy-moretti-design-racconta-levento-open-fiber\/"},"modified":"2026-04-27T15:57:10","modified_gmt":"2026-04-27T13:57:10","slug":"la-fibra-ottica-come-leva-del-made-in-italy-moretti-design-racconta-levento-open-fiber","status":"publish","type":"post","link":"https:\/\/morettidesign.it\/de\/2026\/04\/24\/la-fibra-ottica-come-leva-del-made-in-italy-moretti-design-racconta-levento-open-fiber\/","title":{"rendered":"Glasfaser als Hebel f\u00fcr Made in Italy: Moretti Design berichtet \u00fcber die Open Fiber Veranstaltung"},"content":{"rendered":"\n<h2 class=\"wp-block-heading\"><strong>Die Veranstaltung und die Teilnahme von Moretti Design<\/strong><\/h2>\n\n\n\n<p>Stefano Moretti, CEO von Moretti Design, nahm in Rom an der Veranstaltung \u201eGlasfaser: die Zukunft des Made in Italy\u201c teil, die von Open Fiber anl\u00e4sslich des Nationalen Made in Italy Tages organisiert wurde.<\/p>\n\n\n\n<p>Die Veranstaltung stellte einen wichtigen Moment des Austauschs \u00fcber die Rolle der Konnektivit\u00e4t bei der Entwicklung des italienischen Produktionssystems dar, mit einem klaren Fokus: Glasfaser ist nicht mehr nur eine technologische Infrastruktur, sondern ein strategischer Hebel f\u00fcr die Wettbewerbsf\u00e4higkeit von Unternehmen.<\/p>\n\n\n\n<p>Im Laufe der Veranstaltung brachte Moretti Design die direkte Erfahrung des Unternehmens durch den Beitrag von CEO Stefano Moretti ein und erl\u00e4uterte, wie die digitale Entwicklung und die Einf\u00fchrung von Glasfaser konkrete Auswirkungen auf Produktions-, Organisations- und Gesch\u00e4ftsprozesse hatten.<\/p>\n\n\n\n<h2 class=\"wp-block-heading\"><strong>Glasfaser und Made in Italy: eine neue Infrastruktur f\u00fcr den Wettbewerb<\/strong><\/h2>\n\n\n\n<p>Aus den Diskussionen w\u00e4hrend der Veranstaltung geht ein zentraler Punkt klar hervor: Der Wettbewerb zwischen Unternehmen ist heute zunehmend digital und global.<\/p>\n\n\n\n<p>F\u00fcr Made in Italy reicht es nicht mehr aus, sich nur durch Produktqualit\u00e4t auszuzeichnen. Es ist notwendig, sich auf digitale Infrastrukturen st\u00fctzen zu k\u00f6nnen, die Folgendes unterst\u00fctzen:<\/p>\n\n\n\n<ul class=\"wp-block-list\">\n<li>Geschwindigkeit der Kommunikation und des Datenaustauschs<\/li>\n\n\n\n<li>Echtzeit-Informationsmanagement<\/li>\n\n\n\n<li>operative Kontinuit\u00e4t zwischen Abteilungen und internationalen M\u00e4rkten<\/li>\n\n\n\n<li>kontinuierliche Zusammenarbeit zwischen Unternehmen, Lieferanten und Kunden<\/li>\n<\/ul>\n\n\n\n<p>Glasfaser wird somit zu einem strukturellen Element f\u00fcr industrielles Wachstum. Sie ist nicht nur eine Verbindungstechnologie, sondern ein echter Beschleuniger der Wettbewerbsf\u00e4higkeit, der die Entwicklung der italienischen Produktionsketten unterst\u00fctzt.<\/p>\n\n\n\n<p>Eine w\u00e4hrend der Veranstaltung hervorgehobene Kennzahl unterstreicht auch den wirtschaftlichen Wert dieser Infrastruktur: Jeder in Glasfaser investierte Euro kann bis zu 4,4 Euro BIP generieren und best\u00e4tigt damit ihren direkten Einfluss auf die Entwicklung des Landes.<\/p>\n\n\n\n<h2 class=\"wp-block-heading\"><strong>Moretti Design und der Wert der Konnektivit\u00e4t<\/strong><\/h2>\n\n\n\n<p>In seinem Beitrag schilderte Stefano Moretti den Werdegang von Moretti Design, einem 1960 gegr\u00fcndeten Unternehmen, das sich \u00fcber verschiedene Entwicklungsphasen hinweg bis zur heutigen, auf Innovation und internationale M\u00e4rkte ausgerichteten Produktionsstruktur entwickelt hat.<\/p>\n\n\n\n<p>Die Einf\u00fchrung der Glasfaser stellte einen unverzichtbaren Schritt f\u00fcr das Unternehmen dar.<\/p>\n\n\n\n<p>Die ultraschnelle Konnektivit\u00e4t erm\u00f6glichte es:<\/p>\n\n\n\n<ul class=\"wp-block-list\">\n<li>die Stabilit\u00e4t der Verbindung zu verbessern und im Vergleich zur Vergangenheit zu verdoppeln<\/li>\n\n\n\n<li>die operative Geschwindigkeit und Reaktionszeiten um etwa 20 % zu erh\u00f6hen<\/li>\n\n\n\n<li>die Produktion durch die Verbindung zwischen Mensch und Maschine effizienter zu gestalten<\/li>\n\n\n\n<li>unsere Pr\u00e4senz auf internationalen M\u00e4rkten zu st\u00e4rken<\/li>\n<\/ul>\n\n\n\n<p>Heute ist Glasfaser ein konkreter Enabler: Ohne sie w\u00e4re es nicht m\u00f6glich, das gleiche Ma\u00df an Produktionseffizienz zu gew\u00e4hrleisten oder die Intensit\u00e4t internationaler Gesch\u00e4ftsbeziehungen aufrechtzuerhalten.<\/p>\n\n\n\n<p>Insbesondere in einem zunehmend wettbewerbsintensiven globalen Umfeld, in dem Schwellenm\u00e4rkte starken Preisdruck aus\u00fcben, basiert die Wettbewerbsf\u00e4higkeit immer st\u00e4rker auf Qualit\u00e4t, Innovation und operativer Geschwindigkeit.<\/p>\n\n\n\n<h2 class=\"wp-block-heading\"><strong>Glasfaser als Wendepunkt f\u00fcr die Zukunft des Made in Italy<\/strong><\/h2>\n\n\n\n<p>Die von Open Fiber organisierte Veranstaltung best\u00e4tigte eine inzwischen klare Richtung: Glasfaser ist eine der grundlegenden Infrastrukturen f\u00fcr die Zukunft des Made in Italy.<\/p>\n\n\n\n<p>In diesem Kontext spiegelt die Erfahrung von Moretti Design einen kontinuierlichen Ansatz in Richtung Entwicklung und Innovation wider: Auf dem neuesten Stand zu bleiben ist keine gelegentliche Entscheidung, sondern eine t\u00e4gliche Arbeitsweise, die notwendig ist, um zu wachsen und auf internationalen M\u00e4rkten wettbewerbsf\u00e4hig zu bleiben.<\/p>\n\n\n\n<p>Konnektivit\u00e4t ist daher kein nebens\u00e4chliches Element, sondern ein echter Wendepunkt f\u00fcr das Unternehmenswachstum. Heute wettbewerbsf\u00e4hig zu sein bedeutet, Produktion, Innovation und Internationalisierung in ein zunehmend digitales und vernetztes \u00d6kosystem zu integrieren.<\/p>\n\n\n\n<figure class=\"wp-block-embed is-type-video is-provider-youtube wp-block-embed-youtube wp-embed-aspect-16-9 wp-has-aspect-ratio\"><div class=\"wp-block-embed__wrapper\">\n<div class=\"embed-responsive embed-responsive-16by9\"><iframe loading=\"lazy\" title=\"Digitale: Moretti (Moretti Design), \u2018fibra ottica indispensabile per competitivit\u00e0\u2019\" width=\"640\" height=\"360\" src=\"https:\/\/www.youtube.com\/embed\/ww9dViv2pww?feature=oembed&#038;enablejsapi=1&#038;origin=https:\/\/morettidesign.it\" frameborder=\"0\" allow=\"accelerometer; autoplay; clipboard-write; encrypted-media; gyroscope; picture-in-picture; web-share\" referrerpolicy=\"strict-origin-when-cross-origin\" allowfullscreen><\/iframe><\/div>\n<\/div><\/figure>\n","protected":false},"excerpt":{"rendered":"Die Veranstaltung und die Teilnahme von Moretti Design Stefano Moretti, CEO von Moretti Design, nahm in Rom an der Veranstaltung \u201eGlasfaser: die Zukunft des Made in Italy\u201c teil, die von Open Fiber anl\u00e4sslich des Nationalen Made in Italy Tages organisiert wurde. Die Veranstaltung stellte einen wichtigen Moment des Austauschs \u00fcber die Rolle der Konnektivit\u00e4t bei der Entwicklung des italienischen Produktionssystems dar, mit einem klaren Fokus: Glasfaser ist nicht mehr nur eine technologische Infrastruktur, sondern ein strategischer Hebel f\u00fcr die Wettbewerbsf\u00e4higkeit von Unternehmen. Im Laufe der Veranstaltung brachte Moretti Design die direkte Erfahrung des Unternehmens durch den Beitrag von CEO Stefano Moretti ein und erl\u00e4uterte, wie die digitale Entwicklung und die Einf\u00fchrung von Glasfaser konkrete Auswirkungen auf Produktions-, Organisations- und Gesch\u00e4ftsprozesse hatten. Glasfaser und Made in Italy: eine neue Infrastruktur f\u00fcr den Wettbewerb Aus den Diskussionen w\u00e4hrend der Veranstaltung geht ein zentraler Punkt klar hervor: Der Wettbewerb zwischen Unternehmen ist heute zunehmend digital und global. F\u00fcr Made in Italy reicht es nicht mehr aus, sich nur durch Produktqualit\u00e4t auszuzeichnen. Es ist notwendig, sich auf digitale Infrastrukturen st\u00fctzen zu k\u00f6nnen, die Folgendes unterst\u00fctzen: Glasfaser wird somit zu einem strukturellen Element f\u00fcr industrielles Wachstum. Sie ist nicht nur eine Verbindungstechnologie, sondern ein echter Beschleuniger der Wettbewerbsf\u00e4higkeit, der die Entwicklung der italienischen Produktionsketten unterst\u00fctzt. Eine w\u00e4hrend der Veranstaltung hervorgehobene Kennzahl unterstreicht auch den wirtschaftlichen Wert dieser Infrastruktur: Jeder in Glasfaser investierte Euro kann bis zu 4,4 Euro BIP generieren und best\u00e4tigt damit ihren direkten Einfluss auf die Entwicklung des Landes. Moretti Design und der Wert der Konnektivit\u00e4t In seinem Beitrag schilderte Stefano Moretti den Werdegang von Moretti Design, einem 1960 gegr\u00fcndeten Unternehmen, das sich \u00fcber verschiedene Entwicklungsphasen hinweg bis zur heutigen, auf Innovation und internationale M\u00e4rkte ausgerichteten Produktionsstruktur entwickelt hat. Die Einf\u00fchrung der Glasfaser stellte einen unverzichtbaren Schritt f\u00fcr das Unternehmen dar. Die ultraschnelle Konnektivit\u00e4t erm\u00f6glichte es: Heute ist Glasfaser ein konkreter Enabler: Ohne sie w\u00e4re es nicht m\u00f6glich, das gleiche Ma\u00df an Produktionseffizienz zu gew\u00e4hrleisten oder die Intensit\u00e4t internationaler Gesch\u00e4ftsbeziehungen aufrechtzuerhalten. Insbesondere in einem zunehmend wettbewerbsintensiven globalen Umfeld, in dem Schwellenm\u00e4rkte starken Preisdruck aus\u00fcben, basiert die Wettbewerbsf\u00e4higkeit immer st\u00e4rker auf Qualit\u00e4t, Innovation und operativer Geschwindigkeit. Glasfaser als Wendepunkt f\u00fcr die Zukunft des Made in Italy Die von Open Fiber organisierte Veranstaltung best\u00e4tigte eine inzwischen klare Richtung: Glasfaser ist eine der grundlegenden Infrastrukturen f\u00fcr die Zukunft des Made in Italy. In diesem Kontext spiegelt die Erfahrung von Moretti Design einen kontinuierlichen Ansatz in Richtung Entwicklung und Innovation wider: Auf dem neuesten Stand zu bleiben ist keine gelegentliche Entscheidung, sondern eine t\u00e4gliche Arbeitsweise, die notwendig ist, um zu wachsen und auf internationalen M\u00e4rkten wettbewerbsf\u00e4hig zu bleiben. Konnektivit\u00e4t ist daher kein nebens\u00e4chliches Element, sondern ein echter Wendepunkt f\u00fcr das Unternehmenswachstum. Heute wettbewerbsf\u00e4hig zu sein bedeutet, Produktion, Innovation und Internationalisierung in ein zunehmend digitales und vernetztes \u00d6kosystem zu integrieren.","protected":false},"author":1,"featured_media":65585,"comment_status":"open","ping_status":"closed","sticky":false,"template":"","format":"standard","meta":{"_glsr_average":0,"_glsr_ranking":0,"_glsr_reviews":0,"footnotes":""},"categories":[4825,2788,2791],"tags":[],"class_list":["post-65625","post","type-post","status-publish","format-standard","has-post-thumbnail","hentry","category-interviste-de","category-nachrichten-und-veranstaltungen","category-technologien"],"yoast_head":"<!-- This site is optimized with the Yoast SEO plugin v23.5 - https:\/\/yoast.com\/wordpress\/plugins\/seo\/ -->\n<title>Glasfaser als Hebel f\u00fcr Made in Italy: Moretti Design berichtet \u00fcber die Open Fiber Veranstaltung - Moretti Design<\/title>\n<meta name=\"robots\" content=\"index, follow, max-snippet:-1, max-image-preview:large, max-video-preview:-1\" \/>\n<link rel=\"canonical\" href=\"https:\/\/morettidesign.it\/de\/2026\/04\/24\/la-fibra-ottica-come-leva-del-made-in-italy-moretti-design-racconta-levento-open-fiber\/\" \/>\n<meta property=\"og:locale\" content=\"de_DE\" \/>\n<meta property=\"og:type\" content=\"article\" \/>\n<meta property=\"og:title\" content=\"Glasfaser als Hebel f\u00fcr Made in Italy: Moretti Design berichtet \u00fcber die Open Fiber Veranstaltung - Moretti Design\" \/>\n<meta property=\"og:description\" content=\"Die Veranstaltung und die Teilnahme von Moretti Design Stefano Moretti, CEO von Moretti Design, nahm in Rom an der Veranstaltung \u201eGlasfaser: die Zukunft des Made in Italy\u201c teil, die von Open Fiber anl\u00e4sslich des Nationalen Made in Italy Tages organisiert wurde. Die Veranstaltung stellte einen wichtigen Moment des Austauschs \u00fcber die Rolle der Konnektivit\u00e4t bei der Entwicklung des italienischen Produktionssystems dar, mit einem klaren Fokus: Glasfaser ist nicht mehr nur eine technologische Infrastruktur, sondern ein strategischer Hebel f\u00fcr die Wettbewerbsf\u00e4higkeit von Unternehmen. Im Laufe der Veranstaltung brachte Moretti Design die direkte Erfahrung des Unternehmens durch den Beitrag von CEO Stefano Moretti ein und erl\u00e4uterte, wie die digitale Entwicklung und die Einf\u00fchrung von Glasfaser konkrete Auswirkungen auf Produktions-, Organisations- und Gesch\u00e4ftsprozesse hatten. Glasfaser und Made in Italy: eine neue Infrastruktur f\u00fcr den Wettbewerb Aus den Diskussionen w\u00e4hrend der Veranstaltung geht ein zentraler Punkt klar hervor: Der Wettbewerb zwischen Unternehmen ist heute zunehmend digital und global. F\u00fcr Made in Italy reicht es nicht mehr aus, sich nur durch Produktqualit\u00e4t auszuzeichnen. Es ist notwendig, sich auf digitale Infrastrukturen st\u00fctzen zu k\u00f6nnen, die Folgendes unterst\u00fctzen: Glasfaser wird somit zu einem strukturellen Element f\u00fcr industrielles Wachstum. Sie ist nicht nur eine Verbindungstechnologie, sondern ein echter Beschleuniger der Wettbewerbsf\u00e4higkeit, der die Entwicklung der italienischen Produktionsketten unterst\u00fctzt. Eine w\u00e4hrend der Veranstaltung hervorgehobene Kennzahl unterstreicht auch den wirtschaftlichen Wert dieser Infrastruktur: Jeder in Glasfaser investierte Euro kann bis zu 4,4 Euro BIP generieren und best\u00e4tigt damit ihren direkten Einfluss auf die Entwicklung des Landes. Moretti Design und der Wert der Konnektivit\u00e4t In seinem Beitrag schilderte Stefano Moretti den Werdegang von Moretti Design, einem 1960 gegr\u00fcndeten Unternehmen, das sich \u00fcber verschiedene Entwicklungsphasen hinweg bis zur heutigen, auf Innovation und internationale M\u00e4rkte ausgerichteten Produktionsstruktur entwickelt hat. Die Einf\u00fchrung der Glasfaser stellte einen unverzichtbaren Schritt f\u00fcr das Unternehmen dar. Die ultraschnelle Konnektivit\u00e4t erm\u00f6glichte es: Heute ist Glasfaser ein konkreter Enabler: Ohne sie w\u00e4re es nicht m\u00f6glich, das gleiche Ma\u00df an Produktionseffizienz zu gew\u00e4hrleisten oder die Intensit\u00e4t internationaler Gesch\u00e4ftsbeziehungen aufrechtzuerhalten. Insbesondere in einem zunehmend wettbewerbsintensiven globalen Umfeld, in dem Schwellenm\u00e4rkte starken Preisdruck aus\u00fcben, basiert die Wettbewerbsf\u00e4higkeit immer st\u00e4rker auf Qualit\u00e4t, Innovation und operativer Geschwindigkeit. Glasfaser als Wendepunkt f\u00fcr die Zukunft des Made in Italy Die von Open Fiber organisierte Veranstaltung best\u00e4tigte eine inzwischen klare Richtung: Glasfaser ist eine der grundlegenden Infrastrukturen f\u00fcr die Zukunft des Made in Italy. In diesem Kontext spiegelt die Erfahrung von Moretti Design einen kontinuierlichen Ansatz in Richtung Entwicklung und Innovation wider: Auf dem neuesten Stand zu bleiben ist keine gelegentliche Entscheidung, sondern eine t\u00e4gliche Arbeitsweise, die notwendig ist, um zu wachsen und auf internationalen M\u00e4rkten wettbewerbsf\u00e4hig zu bleiben. Konnektivit\u00e4t ist daher kein nebens\u00e4chliches Element, sondern ein echter Wendepunkt f\u00fcr das Unternehmenswachstum. Heute wettbewerbsf\u00e4hig zu sein bedeutet, Produktion, Innovation und Internationalisierung in ein zunehmend digitales und vernetztes \u00d6kosystem zu integrieren.\" \/>\n<meta property=\"og:url\" content=\"https:\/\/morettidesign.it\/de\/2026\/04\/24\/la-fibra-ottica-come-leva-del-made-in-italy-moretti-design-racconta-levento-open-fiber\/\" \/>\n<meta property=\"og:site_name\" content=\"Moretti Design\" \/>\n<meta property=\"article:published_time\" content=\"2026-04-24T13:13:21+00:00\" \/>\n<meta property=\"article:modified_time\" content=\"2026-04-27T13:57:10+00:00\" \/>\n<meta property=\"og:image\" content=\"https:\/\/morettidesign.it\/wp-content\/uploads\/2026\/04\/\u200emorettidesign-blog.\u200e001.jpeg\" \/>\n\t<meta property=\"og:image:width\" content=\"770\" \/>\n\t<meta property=\"og:image:height\" content=\"455\" \/>\n\t<meta property=\"og:image:type\" content=\"image\/jpeg\" \/>\n<meta name=\"author\" content=\"Moretti Design\" \/>\n<meta name=\"twitter:card\" content=\"summary_large_image\" \/>\n<meta name=\"twitter:label1\" content=\"Verfasst von\" \/>\n\t<meta name=\"twitter:data1\" content=\"Moretti Design\" \/>\n\t<meta name=\"twitter:label2\" content=\"Gesch\u00e4tzte Lesezeit\" \/>\n\t<meta name=\"twitter:data2\" content=\"4\u00a0Minuten\" \/>\n<script type=\"application\/ld+json\" class=\"yoast-schema-graph\">{\"@context\":\"https:\/\/schema.org\",\"@graph\":[{\"@type\":\"WebPage\",\"@id\":\"https:\/\/morettidesign.it\/de\/2026\/04\/24\/la-fibra-ottica-come-leva-del-made-in-italy-moretti-design-racconta-levento-open-fiber\/\",\"url\":\"https:\/\/morettidesign.it\/de\/2026\/04\/24\/la-fibra-ottica-come-leva-del-made-in-italy-moretti-design-racconta-levento-open-fiber\/\",\"name\":\"Glasfaser als Hebel f\u00fcr Made in Italy: Moretti Design berichtet \u00fcber die Open Fiber Veranstaltung - Moretti Design\",\"isPartOf\":{\"@id\":\"https:\/\/morettidesign.it\/#website\"},\"primaryImageOfPage\":{\"@id\":\"https:\/\/morettidesign.it\/de\/2026\/04\/24\/la-fibra-ottica-come-leva-del-made-in-italy-moretti-design-racconta-levento-open-fiber\/#primaryimage\"},\"image\":{\"@id\":\"https:\/\/morettidesign.it\/de\/2026\/04\/24\/la-fibra-ottica-come-leva-del-made-in-italy-moretti-design-racconta-levento-open-fiber\/#primaryimage\"},\"thumbnailUrl\":\"https:\/\/morettidesign.it\/wp-content\/uploads\/2026\/04\/\u200emorettidesign-blog.\u200e001.jpeg\",\"datePublished\":\"2026-04-24T13:13:21+00:00\",\"dateModified\":\"2026-04-27T13:57:10+00:00\",\"author\":{\"@id\":\"https:\/\/morettidesign.it\/#\/schema\/person\/90f84f03300cc38c27e89245999c4833\"},\"breadcrumb\":{\"@id\":\"https:\/\/morettidesign.it\/de\/2026\/04\/24\/la-fibra-ottica-come-leva-del-made-in-italy-moretti-design-racconta-levento-open-fiber\/#breadcrumb\"},\"inLanguage\":\"de\",\"potentialAction\":[{\"@type\":\"ReadAction\",\"target\":[\"https:\/\/morettidesign.it\/de\/2026\/04\/24\/la-fibra-ottica-come-leva-del-made-in-italy-moretti-design-racconta-levento-open-fiber\/\"]}]},{\"@type\":\"ImageObject\",\"inLanguage\":\"de\",\"@id\":\"https:\/\/morettidesign.it\/de\/2026\/04\/24\/la-fibra-ottica-come-leva-del-made-in-italy-moretti-design-racconta-levento-open-fiber\/#primaryimage\",\"url\":\"https:\/\/morettidesign.it\/wp-content\/uploads\/2026\/04\/\u200emorettidesign-blog.\u200e001.jpeg\",\"contentUrl\":\"https:\/\/morettidesign.it\/wp-content\/uploads\/2026\/04\/\u200emorettidesign-blog.\u200e001.jpeg\",\"width\":770,\"height\":455},{\"@type\":\"BreadcrumbList\",\"@id\":\"https:\/\/morettidesign.it\/de\/2026\/04\/24\/la-fibra-ottica-come-leva-del-made-in-italy-moretti-design-racconta-levento-open-fiber\/#breadcrumb\",\"itemListElement\":[{\"@type\":\"ListItem\",\"position\":1,\"name\":\"Home\",\"item\":\"https:\/\/morettidesign.it\/de\/\"},{\"@type\":\"ListItem\",\"position\":2,\"name\":\"Glasfaser als Hebel f\u00fcr Made in Italy: Moretti Design berichtet \u00fcber die Open Fiber Veranstaltung\"}]},{\"@type\":\"WebSite\",\"@id\":\"https:\/\/morettidesign.it\/#website\",\"url\":\"https:\/\/morettidesign.it\/\",\"name\":\"Moretti Design\",\"description\":\"Stufe a pellet e legna\",\"potentialAction\":[{\"@type\":\"SearchAction\",\"target\":{\"@type\":\"EntryPoint\",\"urlTemplate\":\"https:\/\/morettidesign.it\/?s={search_term_string}\"},\"query-input\":{\"@type\":\"PropertyValueSpecification\",\"valueRequired\":true,\"valueName\":\"search_term_string\"}}],\"inLanguage\":\"de\"},{\"@type\":\"Person\",\"@id\":\"https:\/\/morettidesign.it\/#\/schema\/person\/90f84f03300cc38c27e89245999c4833\",\"name\":\"Moretti Design\",\"image\":{\"@type\":\"ImageObject\",\"inLanguage\":\"de\",\"@id\":\"https:\/\/morettidesign.it\/#\/schema\/person\/image\/\",\"url\":\"https:\/\/secure.gravatar.com\/avatar\/d148474cbc34ea407c27fe3390b2ff1c?s=96&d=mm&r=g\",\"contentUrl\":\"https:\/\/secure.gravatar.com\/avatar\/d148474cbc34ea407c27fe3390b2ff1c?s=96&d=mm&r=g\",\"caption\":\"Moretti Design\"},\"sameAs\":[\"http:\/\/test.mediaworksrl.it\/test\"],\"url\":\"https:\/\/morettidesign.it\/de\/author\/test-moretti\/\"}]}<\/script>\n<!-- \/ Yoast SEO plugin. -->","yoast_head_json":{"title":"Glasfaser als Hebel f\u00fcr Made in Italy: Moretti Design berichtet \u00fcber die Open Fiber Veranstaltung - Moretti Design","robots":{"index":"index","follow":"follow","max-snippet":"max-snippet:-1","max-image-preview":"max-image-preview:large","max-video-preview":"max-video-preview:-1"},"canonical":"https:\/\/morettidesign.it\/de\/2026\/04\/24\/la-fibra-ottica-come-leva-del-made-in-italy-moretti-design-racconta-levento-open-fiber\/","og_locale":"de_DE","og_type":"article","og_title":"Glasfaser als Hebel f\u00fcr Made in Italy: Moretti Design berichtet \u00fcber die Open Fiber Veranstaltung - Moretti Design","og_description":"Die Veranstaltung und die Teilnahme von Moretti Design Stefano Moretti, CEO von Moretti Design, nahm in Rom an der Veranstaltung \u201eGlasfaser: die Zukunft des Made in Italy\u201c teil, die von Open Fiber anl\u00e4sslich des Nationalen Made in Italy Tages organisiert wurde. Die Veranstaltung stellte einen wichtigen Moment des Austauschs \u00fcber die Rolle der Konnektivit\u00e4t bei der Entwicklung des italienischen Produktionssystems dar, mit einem klaren Fokus: Glasfaser ist nicht mehr nur eine technologische Infrastruktur, sondern ein strategischer Hebel f\u00fcr die Wettbewerbsf\u00e4higkeit von Unternehmen. Im Laufe der Veranstaltung brachte Moretti Design die direkte Erfahrung des Unternehmens durch den Beitrag von CEO Stefano Moretti ein und erl\u00e4uterte, wie die digitale Entwicklung und die Einf\u00fchrung von Glasfaser konkrete Auswirkungen auf Produktions-, Organisations- und Gesch\u00e4ftsprozesse hatten. Glasfaser und Made in Italy: eine neue Infrastruktur f\u00fcr den Wettbewerb Aus den Diskussionen w\u00e4hrend der Veranstaltung geht ein zentraler Punkt klar hervor: Der Wettbewerb zwischen Unternehmen ist heute zunehmend digital und global. F\u00fcr Made in Italy reicht es nicht mehr aus, sich nur durch Produktqualit\u00e4t auszuzeichnen. Es ist notwendig, sich auf digitale Infrastrukturen st\u00fctzen zu k\u00f6nnen, die Folgendes unterst\u00fctzen: Glasfaser wird somit zu einem strukturellen Element f\u00fcr industrielles Wachstum. Sie ist nicht nur eine Verbindungstechnologie, sondern ein echter Beschleuniger der Wettbewerbsf\u00e4higkeit, der die Entwicklung der italienischen Produktionsketten unterst\u00fctzt. Eine w\u00e4hrend der Veranstaltung hervorgehobene Kennzahl unterstreicht auch den wirtschaftlichen Wert dieser Infrastruktur: Jeder in Glasfaser investierte Euro kann bis zu 4,4 Euro BIP generieren und best\u00e4tigt damit ihren direkten Einfluss auf die Entwicklung des Landes. Moretti Design und der Wert der Konnektivit\u00e4t In seinem Beitrag schilderte Stefano Moretti den Werdegang von Moretti Design, einem 1960 gegr\u00fcndeten Unternehmen, das sich \u00fcber verschiedene Entwicklungsphasen hinweg bis zur heutigen, auf Innovation und internationale M\u00e4rkte ausgerichteten Produktionsstruktur entwickelt hat. Die Einf\u00fchrung der Glasfaser stellte einen unverzichtbaren Schritt f\u00fcr das Unternehmen dar. Die ultraschnelle Konnektivit\u00e4t erm\u00f6glichte es: Heute ist Glasfaser ein konkreter Enabler: Ohne sie w\u00e4re es nicht m\u00f6glich, das gleiche Ma\u00df an Produktionseffizienz zu gew\u00e4hrleisten oder die Intensit\u00e4t internationaler Gesch\u00e4ftsbeziehungen aufrechtzuerhalten. Insbesondere in einem zunehmend wettbewerbsintensiven globalen Umfeld, in dem Schwellenm\u00e4rkte starken Preisdruck aus\u00fcben, basiert die Wettbewerbsf\u00e4higkeit immer st\u00e4rker auf Qualit\u00e4t, Innovation und operativer Geschwindigkeit. Glasfaser als Wendepunkt f\u00fcr die Zukunft des Made in Italy Die von Open Fiber organisierte Veranstaltung best\u00e4tigte eine inzwischen klare Richtung: Glasfaser ist eine der grundlegenden Infrastrukturen f\u00fcr die Zukunft des Made in Italy. In diesem Kontext spiegelt die Erfahrung von Moretti Design einen kontinuierlichen Ansatz in Richtung Entwicklung und Innovation wider: Auf dem neuesten Stand zu bleiben ist keine gelegentliche Entscheidung, sondern eine t\u00e4gliche Arbeitsweise, die notwendig ist, um zu wachsen und auf internationalen M\u00e4rkten wettbewerbsf\u00e4hig zu bleiben. Konnektivit\u00e4t ist daher kein nebens\u00e4chliches Element, sondern ein echter Wendepunkt f\u00fcr das Unternehmenswachstum. Heute wettbewerbsf\u00e4hig zu sein bedeutet, Produktion, Innovation und Internationalisierung in ein zunehmend digitales und vernetztes \u00d6kosystem zu integrieren.","og_url":"https:\/\/morettidesign.it\/de\/2026\/04\/24\/la-fibra-ottica-come-leva-del-made-in-italy-moretti-design-racconta-levento-open-fiber\/","og_site_name":"Moretti Design","article_published_time":"2026-04-24T13:13:21+00:00","article_modified_time":"2026-04-27T13:57:10+00:00","og_image":[{"width":770,"height":455,"url":"https:\/\/morettidesign.it\/wp-content\/uploads\/2026\/04\/\u200emorettidesign-blog.\u200e001.jpeg","type":"image\/jpeg"}],"author":"Moretti Design","twitter_card":"summary_large_image","twitter_misc":{"Verfasst von":"Moretti Design","Gesch\u00e4tzte Lesezeit":"4\u00a0Minuten"},"schema":{"@context":"https:\/\/schema.org","@graph":[{"@type":"WebPage","@id":"https:\/\/morettidesign.it\/de\/2026\/04\/24\/la-fibra-ottica-come-leva-del-made-in-italy-moretti-design-racconta-levento-open-fiber\/","url":"https:\/\/morettidesign.it\/de\/2026\/04\/24\/la-fibra-ottica-come-leva-del-made-in-italy-moretti-design-racconta-levento-open-fiber\/","name":"Glasfaser als Hebel f\u00fcr Made in Italy: Moretti Design berichtet \u00fcber die Open Fiber Veranstaltung - Moretti Design","isPartOf":{"@id":"https:\/\/morettidesign.it\/#website"},"primaryImageOfPage":{"@id":"https:\/\/morettidesign.it\/de\/2026\/04\/24\/la-fibra-ottica-come-leva-del-made-in-italy-moretti-design-racconta-levento-open-fiber\/#primaryimage"},"image":{"@id":"https:\/\/morettidesign.it\/de\/2026\/04\/24\/la-fibra-ottica-come-leva-del-made-in-italy-moretti-design-racconta-levento-open-fiber\/#primaryimage"},"thumbnailUrl":"https:\/\/morettidesign.it\/wp-content\/uploads\/2026\/04\/\u200emorettidesign-blog.\u200e001.jpeg","datePublished":"2026-04-24T13:13:21+00:00","dateModified":"2026-04-27T13:57:10+00:00","author":{"@id":"https:\/\/morettidesign.it\/#\/schema\/person\/90f84f03300cc38c27e89245999c4833"},"breadcrumb":{"@id":"https:\/\/morettidesign.it\/de\/2026\/04\/24\/la-fibra-ottica-come-leva-del-made-in-italy-moretti-design-racconta-levento-open-fiber\/#breadcrumb"},"inLanguage":"de","potentialAction":[{"@type":"ReadAction","target":["https:\/\/morettidesign.it\/de\/2026\/04\/24\/la-fibra-ottica-come-leva-del-made-in-italy-moretti-design-racconta-levento-open-fiber\/"]}]},{"@type":"ImageObject","inLanguage":"de","@id":"https:\/\/morettidesign.it\/de\/2026\/04\/24\/la-fibra-ottica-come-leva-del-made-in-italy-moretti-design-racconta-levento-open-fiber\/#primaryimage","url":"https:\/\/morettidesign.it\/wp-content\/uploads\/2026\/04\/\u200emorettidesign-blog.\u200e001.jpeg","contentUrl":"https:\/\/morettidesign.it\/wp-content\/uploads\/2026\/04\/\u200emorettidesign-blog.\u200e001.jpeg","width":770,"height":455},{"@type":"BreadcrumbList","@id":"https:\/\/morettidesign.it\/de\/2026\/04\/24\/la-fibra-ottica-come-leva-del-made-in-italy-moretti-design-racconta-levento-open-fiber\/#breadcrumb","itemListElement":[{"@type":"ListItem","position":1,"name":"Home","item":"https:\/\/morettidesign.it\/de\/"},{"@type":"ListItem","position":2,"name":"Glasfaser als Hebel f\u00fcr Made in Italy: Moretti Design berichtet \u00fcber die Open Fiber Veranstaltung"}]},{"@type":"WebSite","@id":"https:\/\/morettidesign.it\/#website","url":"https:\/\/morettidesign.it\/","name":"Moretti Design","description":"Stufe a pellet e legna","potentialAction":[{"@type":"SearchAction","target":{"@type":"EntryPoint","urlTemplate":"https:\/\/morettidesign.it\/?s={search_term_string}"},"query-input":{"@type":"PropertyValueSpecification","valueRequired":true,"valueName":"search_term_string"}}],"inLanguage":"de"},{"@type":"Person","@id":"https:\/\/morettidesign.it\/#\/schema\/person\/90f84f03300cc38c27e89245999c4833","name":"Moretti Design","image":{"@type":"ImageObject","inLanguage":"de","@id":"https:\/\/morettidesign.it\/#\/schema\/person\/image\/","url":"https:\/\/secure.gravatar.com\/avatar\/d148474cbc34ea407c27fe3390b2ff1c?s=96&d=mm&r=g","contentUrl":"https:\/\/secure.gravatar.com\/avatar\/d148474cbc34ea407c27fe3390b2ff1c?s=96&d=mm&r=g","caption":"Moretti Design"},"sameAs":["http:\/\/test.mediaworksrl.it\/test"],"url":"https:\/\/morettidesign.it\/de\/author\/test-moretti\/"}]}},"_links":{"self":[{"href":"https:\/\/morettidesign.it\/de\/wp-json\/wp\/v2\/posts\/65625"}],"collection":[{"href":"https:\/\/morettidesign.it\/de\/wp-json\/wp\/v2\/posts"}],"about":[{"href":"https:\/\/morettidesign.it\/de\/wp-json\/wp\/v2\/types\/post"}],"author":[{"embeddable":true,"href":"https:\/\/morettidesign.it\/de\/wp-json\/wp\/v2\/users\/1"}],"replies":[{"embeddable":true,"href":"https:\/\/morettidesign.it\/de\/wp-json\/wp\/v2\/comments?post=65625"}],"version-history":[{"count":1,"href":"https:\/\/morettidesign.it\/de\/wp-json\/wp\/v2\/posts\/65625\/revisions"}],"predecessor-version":[{"id":65626,"href":"https:\/\/morettidesign.it\/de\/wp-json\/wp\/v2\/posts\/65625\/revisions\/65626"}],"wp:featuredmedia":[{"embeddable":true,"href":"https:\/\/morettidesign.it\/de\/wp-json\/wp\/v2\/media\/65585"}],"wp:attachment":[{"href":"https:\/\/morettidesign.it\/de\/wp-json\/wp\/v2\/media?parent=65625"}],"wp:term":[{"taxonomy":"category","embeddable":true,"href":"https:\/\/morettidesign.it\/de\/wp-json\/wp\/v2\/categories?post=65625"},{"taxonomy":"post_tag","embeddable":true,"href":"https:\/\/morettidesign.it\/de\/wp-json\/wp\/v2\/tags?post=65625"}],"curies":[{"name":"wp","href":"https:\/\/api.w.org\/{rel}","templated":true}]}}