{"id":65619,"date":"2026-04-24T15:13:21","date_gmt":"2026-04-24T13:13:21","guid":{"rendered":"https:\/\/morettidesign.it\/2026\/04\/24\/la-fibra-ottica-come-leva-del-made-in-italy-moretti-design-racconta-levento-open-fiber\/"},"modified":"2026-04-27T15:53:31","modified_gmt":"2026-04-27T13:53:31","slug":"la-fibra-ottica-come-leva-del-made-in-italy-moretti-design-racconta-levento-open-fiber","status":"publish","type":"post","link":"https:\/\/morettidesign.it\/es\/2026\/04\/24\/la-fibra-ottica-come-leva-del-made-in-italy-moretti-design-racconta-levento-open-fiber\/","title":{"rendered":"La fibra \u00f3ptica como palanca del Made in Italy: Moretti Design relata el evento Open Fiber"},"content":{"rendered":"\n<h2 class=\"wp-block-heading\"><strong>El evento y la participaci\u00f3n de Moretti Design<\/strong><\/h2>\n\n\n\n<p>Stefano Moretti, CEO de Moretti Design, particip\u00f3 en Roma en el encuentro \u201cFibra \u00f3ptica: el futuro del Made in Italy\u201d, promovido por Open Fiber con motivo del D\u00eda Nacional del Made in Italy.<\/p>\n\n\n\n<p>El evento represent\u00f3 un importante momento de reflexi\u00f3n sobre el papel de la conectividad en el desarrollo del sistema productivo italiano, con un enfoque claro: la fibra \u00f3ptica ya no es solo una infraestructura tecnol\u00f3gica, sino una palanca estrat\u00e9gica para la competitividad empresarial.<\/p>\n\n\n\n<p>Durante el encuentro, Moretti Design aport\u00f3 el testimonio directo de la empresa a trav\u00e9s de la intervenci\u00f3n del CEO Stefano Moretti, explicando c\u00f3mo la evoluci\u00f3n digital y la adopci\u00f3n de la fibra han incidido concretamente en los procesos productivos, organizativos y comerciales.<\/p>\n\n\n\n<h2 class=\"wp-block-heading\"><strong>Fibra \u00f3ptica y Made in Italy: una nueva infraestructura para competir<\/strong><\/h2>\n\n\n\n<p>Del debate surgido durante el evento se desprende un punto fundamental: hoy la competencia entre empresas es cada vez m\u00e1s digital y global.<\/p>\n\n\n\n<p>Para el Made in Italy ya no basta con destacar en la calidad del producto. Es necesario poder contar con infraestructuras digitales capaces de soportar:<\/p>\n\n\n\n<ul class=\"wp-block-list\">\n<li>velocidad de comunicaci\u00f3n e intercambio de datos<\/li>\n\n\n\n<li>gesti\u00f3n en tiempo real de la informaci\u00f3n<\/li>\n\n\n\n<li>continuidad operativa entre departamentos y mercados internacionales<\/li>\n\n\n\n<li>colaboraci\u00f3n constante entre empresas, proveedores y clientes<\/li>\n<\/ul>\n\n\n\n<p>La fibra \u00f3ptica se convierte as\u00ed en un elemento estructural para el crecimiento industrial. No es solo una tecnolog\u00eda de conexi\u00f3n, sino un verdadero acelerador de competitividad, capaz de sostener la evoluci\u00f3n de las cadenas productivas italianas.<\/p>\n\n\n\n<p>Un dato destacado durante el encuentro subraya tambi\u00e9n el valor econ\u00f3mico de esta infraestructura: cada euro invertido en fibra puede generar hasta 4,4 euros de PIB, confirmando su impacto directo en el desarrollo del pa\u00eds.<\/p>\n\n\n\n<h2 class=\"wp-block-heading\"><strong>Moretti Design y el valor de la conectividad<\/strong><\/h2>\n\n\n\n<p>En su intervenci\u00f3n, Stefano Moretti relat\u00f3 la trayectoria de Moretti Design, una empresa fundada en 1960 y desarrollada a trav\u00e9s de diferentes fases evolutivas, hasta la actual estructura productiva orientada a la innovaci\u00f3n y a los mercados internacionales.<\/p>\n\n\n\n<p>La llegada de la fibra \u00f3ptica represent\u00f3 un paso indispensable para la empresa.<\/p>\n\n\n\n<p>La conectividad ultrarr\u00e1pida permiti\u00f3:<\/p>\n\n\n\n<ul class=\"wp-block-list\">\n<li>mejorar la estabilidad de la conexi\u00f3n hasta duplicarla respecto al pasado<\/li>\n\n\n\n<li>aumentar en aproximadamente un 20% la velocidad y los tiempos de respuesta operativa<\/li>\n\n\n\n<li>hacer m\u00e1s eficiente la producci\u00f3n mediante la conexi\u00f3n entre personas y m\u00e1quinas<\/li>\n\n\n\n<li>potenciar nuestra presencia en los mercados internacionales<\/li>\n<\/ul>\n\n\n\n<p>Hoy la fibra es un factor habilitador concreto: sin ella no ser\u00eda posible garantizar el mismo nivel de eficiencia productiva ni sostener la intensidad de las relaciones comerciales internacionales.<\/p>\n\n\n\n<p>En particular, en un contexto global cada vez m\u00e1s competitivo, donde los mercados emergentes ejercen una fuerte presi\u00f3n sobre los precios, la capacidad de competir se basa cada vez m\u00e1s en la calidad, la innovaci\u00f3n y la rapidez operativa.<\/p>\n\n\n\n<h2 class=\"wp-block-heading\"><strong>La fibra como punto de inflexi\u00f3n para el futuro del Made in Italy<\/strong><\/h2>\n\n\n\n<p>El evento promovido por Open Fiber confirm\u00f3 una direcci\u00f3n ya clara: la fibra \u00f3ptica es una de las infraestructuras fundamentales para el futuro del Made in Italy.<\/p>\n\n\n\n<p>En este escenario, el testimonio de Moretti Design refleja un enfoque constante hacia la evoluci\u00f3n y la innovaci\u00f3n: mantenerse actualizado no es una elecci\u00f3n ocasional, sino una forma de trabajar diaria, necesaria para crecer y seguir siendo competitivos en los mercados internacionales.<\/p>\n\n\n\n<p>La conectividad no es, por tanto, un elemento accesorio, sino un verdadero punto de inflexi\u00f3n para el crecimiento empresarial. Hoy ser competitivo significa saber integrar producci\u00f3n, innovaci\u00f3n e internacionalizaci\u00f3n dentro de un ecosistema cada vez m\u00e1s digital e interconectado.<\/p>\n\n\n\n<figure class=\"wp-block-embed is-type-video is-provider-youtube wp-block-embed-youtube wp-embed-aspect-16-9 wp-has-aspect-ratio\"><div class=\"wp-block-embed__wrapper\">\n<div class=\"embed-responsive embed-responsive-16by9\"><iframe loading=\"lazy\" title=\"Digitale: Moretti (Moretti Design), \u2018fibra ottica indispensabile per competitivit\u00e0\u2019\" width=\"640\" height=\"360\" src=\"https:\/\/www.youtube.com\/embed\/ww9dViv2pww?feature=oembed&#038;enablejsapi=1&#038;origin=https:\/\/morettidesign.it\" frameborder=\"0\" allow=\"accelerometer; autoplay; clipboard-write; encrypted-media; gyroscope; picture-in-picture; web-share\" referrerpolicy=\"strict-origin-when-cross-origin\" allowfullscreen><\/iframe><\/div>\n<\/div><\/figure>\n","protected":false},"excerpt":{"rendered":"El evento y la participaci\u00f3n de Moretti Design Stefano Moretti, CEO de Moretti Design, particip\u00f3 en Roma en el encuentro \u201cFibra \u00f3ptica: el futuro del Made in Italy\u201d, promovido por Open Fiber con motivo del D\u00eda Nacional del Made in Italy. El evento represent\u00f3 un importante momento de reflexi\u00f3n sobre el papel de la conectividad en el desarrollo del sistema productivo italiano, con un enfoque claro: la fibra \u00f3ptica ya no es solo una infraestructura tecnol\u00f3gica, sino una palanca estrat\u00e9gica para la competitividad empresarial. Durante el encuentro, Moretti Design aport\u00f3 el testimonio directo de la empresa a trav\u00e9s de la intervenci\u00f3n del CEO Stefano Moretti, explicando c\u00f3mo la evoluci\u00f3n digital y la adopci\u00f3n de la fibra han incidido concretamente en los procesos productivos, organizativos y comerciales. Fibra \u00f3ptica y Made in Italy: una nueva infraestructura para competir Del debate surgido durante el evento se desprende un punto fundamental: hoy la competencia entre empresas es cada vez m\u00e1s digital y global. Para el Made in Italy ya no basta con destacar en la calidad del producto. Es necesario poder contar con infraestructuras digitales capaces de soportar: La fibra \u00f3ptica se convierte as\u00ed en un elemento estructural para el crecimiento industrial. No es solo una tecnolog\u00eda de conexi\u00f3n, sino un verdadero acelerador de competitividad, capaz de sostener la evoluci\u00f3n de las cadenas productivas italianas. Un dato destacado durante el encuentro subraya tambi\u00e9n el valor econ\u00f3mico de esta infraestructura: cada euro invertido en fibra puede generar hasta 4,4 euros de PIB, confirmando su impacto directo en el desarrollo del pa\u00eds. Moretti Design y el valor de la conectividad En su intervenci\u00f3n, Stefano Moretti relat\u00f3 la trayectoria de Moretti Design, una empresa fundada en 1960 y desarrollada a trav\u00e9s de diferentes fases evolutivas, hasta la actual estructura productiva orientada a la innovaci\u00f3n y a los mercados internacionales. La llegada de la fibra \u00f3ptica represent\u00f3 un paso indispensable para la empresa. La conectividad ultrarr\u00e1pida permiti\u00f3: Hoy la fibra es un factor habilitador concreto: sin ella no ser\u00eda posible garantizar el mismo nivel de eficiencia productiva ni sostener la intensidad de las relaciones comerciales internacionales. En particular, en un contexto global cada vez m\u00e1s competitivo, donde los mercados emergentes ejercen una fuerte presi\u00f3n sobre los precios, la capacidad de competir se basa cada vez m\u00e1s en la calidad, la innovaci\u00f3n y la rapidez operativa. La fibra como punto de inflexi\u00f3n para el futuro del Made in Italy El evento promovido por Open Fiber confirm\u00f3 una direcci\u00f3n ya clara: la fibra \u00f3ptica es una de las infraestructuras fundamentales para el futuro del Made in Italy. En este escenario, el testimonio de Moretti Design refleja un enfoque constante hacia la evoluci\u00f3n y la innovaci\u00f3n: mantenerse actualizado no es una elecci\u00f3n ocasional, sino una forma de trabajar diaria, necesaria para crecer y seguir siendo competitivos en los mercados internacionales. La conectividad no es, por tanto, un elemento accesorio, sino un verdadero punto de inflexi\u00f3n para el crecimiento empresarial. Hoy ser competitivo significa saber integrar producci\u00f3n, innovaci\u00f3n e internacionalizaci\u00f3n dentro de un ecosistema cada vez m\u00e1s digital e interconectado.","protected":false},"author":1,"featured_media":65586,"comment_status":"open","ping_status":"closed","sticky":false,"template":"","format":"standard","meta":{"_glsr_average":0,"_glsr_ranking":0,"_glsr_reviews":0,"footnotes":""},"categories":[4823,2796,2799],"tags":[],"class_list":["post-65619","post","type-post","status-publish","format-standard","has-post-thumbnail","hentry","category-interviste-es","category-noticias-y-eventos","category-tecnologias"],"yoast_head":"<!-- This site is optimized with the Yoast SEO plugin v23.5 - https:\/\/yoast.com\/wordpress\/plugins\/seo\/ -->\n<title>La fibra \u00f3ptica como palanca del Made in Italy: Moretti Design relata el evento Open Fiber - Moretti Design<\/title>\n<meta name=\"robots\" content=\"index, follow, max-snippet:-1, max-image-preview:large, max-video-preview:-1\" \/>\n<link rel=\"canonical\" href=\"https:\/\/morettidesign.it\/es\/2026\/04\/24\/la-fibra-ottica-come-leva-del-made-in-italy-moretti-design-racconta-levento-open-fiber\/\" \/>\n<meta property=\"og:locale\" content=\"es_ES\" \/>\n<meta property=\"og:type\" content=\"article\" \/>\n<meta property=\"og:title\" content=\"La fibra \u00f3ptica como palanca del Made in Italy: Moretti Design relata el evento Open Fiber - Moretti Design\" \/>\n<meta property=\"og:description\" content=\"El evento y la participaci\u00f3n de Moretti Design Stefano Moretti, CEO de Moretti Design, particip\u00f3 en Roma en el encuentro \u201cFibra \u00f3ptica: el futuro del Made in Italy\u201d, promovido por Open Fiber con motivo del D\u00eda Nacional del Made in Italy. El evento represent\u00f3 un importante momento de reflexi\u00f3n sobre el papel de la conectividad en el desarrollo del sistema productivo italiano, con un enfoque claro: la fibra \u00f3ptica ya no es solo una infraestructura tecnol\u00f3gica, sino una palanca estrat\u00e9gica para la competitividad empresarial. Durante el encuentro, Moretti Design aport\u00f3 el testimonio directo de la empresa a trav\u00e9s de la intervenci\u00f3n del CEO Stefano Moretti, explicando c\u00f3mo la evoluci\u00f3n digital y la adopci\u00f3n de la fibra han incidido concretamente en los procesos productivos, organizativos y comerciales. Fibra \u00f3ptica y Made in Italy: una nueva infraestructura para competir Del debate surgido durante el evento se desprende un punto fundamental: hoy la competencia entre empresas es cada vez m\u00e1s digital y global. Para el Made in Italy ya no basta con destacar en la calidad del producto. Es necesario poder contar con infraestructuras digitales capaces de soportar: La fibra \u00f3ptica se convierte as\u00ed en un elemento estructural para el crecimiento industrial. No es solo una tecnolog\u00eda de conexi\u00f3n, sino un verdadero acelerador de competitividad, capaz de sostener la evoluci\u00f3n de las cadenas productivas italianas. Un dato destacado durante el encuentro subraya tambi\u00e9n el valor econ\u00f3mico de esta infraestructura: cada euro invertido en fibra puede generar hasta 4,4 euros de PIB, confirmando su impacto directo en el desarrollo del pa\u00eds. Moretti Design y el valor de la conectividad En su intervenci\u00f3n, Stefano Moretti relat\u00f3 la trayectoria de Moretti Design, una empresa fundada en 1960 y desarrollada a trav\u00e9s de diferentes fases evolutivas, hasta la actual estructura productiva orientada a la innovaci\u00f3n y a los mercados internacionales. La llegada de la fibra \u00f3ptica represent\u00f3 un paso indispensable para la empresa. La conectividad ultrarr\u00e1pida permiti\u00f3: Hoy la fibra es un factor habilitador concreto: sin ella no ser\u00eda posible garantizar el mismo nivel de eficiencia productiva ni sostener la intensidad de las relaciones comerciales internacionales. En particular, en un contexto global cada vez m\u00e1s competitivo, donde los mercados emergentes ejercen una fuerte presi\u00f3n sobre los precios, la capacidad de competir se basa cada vez m\u00e1s en la calidad, la innovaci\u00f3n y la rapidez operativa. La fibra como punto de inflexi\u00f3n para el futuro del Made in Italy El evento promovido por Open Fiber confirm\u00f3 una direcci\u00f3n ya clara: la fibra \u00f3ptica es una de las infraestructuras fundamentales para el futuro del Made in Italy. En este escenario, el testimonio de Moretti Design refleja un enfoque constante hacia la evoluci\u00f3n y la innovaci\u00f3n: mantenerse actualizado no es una elecci\u00f3n ocasional, sino una forma de trabajar diaria, necesaria para crecer y seguir siendo competitivos en los mercados internacionales. La conectividad no es, por tanto, un elemento accesorio, sino un verdadero punto de inflexi\u00f3n para el crecimiento empresarial. Hoy ser competitivo significa saber integrar producci\u00f3n, innovaci\u00f3n e internacionalizaci\u00f3n dentro de un ecosistema cada vez m\u00e1s digital e interconectado.\" \/>\n<meta property=\"og:url\" content=\"https:\/\/morettidesign.it\/es\/2026\/04\/24\/la-fibra-ottica-come-leva-del-made-in-italy-moretti-design-racconta-levento-open-fiber\/\" \/>\n<meta property=\"og:site_name\" content=\"Moretti Design\" \/>\n<meta property=\"article:published_time\" content=\"2026-04-24T13:13:21+00:00\" \/>\n<meta property=\"article:modified_time\" content=\"2026-04-27T13:53:31+00:00\" \/>\n<meta property=\"og:image\" content=\"https:\/\/morettidesign.it\/wp-content\/uploads\/2026\/04\/\u200emorettidesign-blog.\u200e001.jpeg\" \/>\n\t<meta property=\"og:image:width\" content=\"770\" \/>\n\t<meta property=\"og:image:height\" content=\"455\" \/>\n\t<meta property=\"og:image:type\" content=\"image\/jpeg\" \/>\n<meta name=\"author\" content=\"Moretti Design\" \/>\n<meta name=\"twitter:card\" content=\"summary_large_image\" \/>\n<meta name=\"twitter:label1\" content=\"Escrito por\" \/>\n\t<meta name=\"twitter:data1\" content=\"Moretti Design\" \/>\n\t<meta name=\"twitter:label2\" content=\"Tiempo de lectura\" \/>\n\t<meta name=\"twitter:data2\" content=\"4 minutos\" \/>\n<script type=\"application\/ld+json\" class=\"yoast-schema-graph\">{\"@context\":\"https:\/\/schema.org\",\"@graph\":[{\"@type\":\"WebPage\",\"@id\":\"https:\/\/morettidesign.it\/es\/2026\/04\/24\/la-fibra-ottica-come-leva-del-made-in-italy-moretti-design-racconta-levento-open-fiber\/\",\"url\":\"https:\/\/morettidesign.it\/es\/2026\/04\/24\/la-fibra-ottica-come-leva-del-made-in-italy-moretti-design-racconta-levento-open-fiber\/\",\"name\":\"La fibra \u00f3ptica como palanca del Made in Italy: Moretti Design relata el evento Open Fiber - Moretti Design\",\"isPartOf\":{\"@id\":\"https:\/\/morettidesign.it\/#website\"},\"primaryImageOfPage\":{\"@id\":\"https:\/\/morettidesign.it\/es\/2026\/04\/24\/la-fibra-ottica-come-leva-del-made-in-italy-moretti-design-racconta-levento-open-fiber\/#primaryimage\"},\"image\":{\"@id\":\"https:\/\/morettidesign.it\/es\/2026\/04\/24\/la-fibra-ottica-come-leva-del-made-in-italy-moretti-design-racconta-levento-open-fiber\/#primaryimage\"},\"thumbnailUrl\":\"https:\/\/morettidesign.it\/wp-content\/uploads\/2026\/04\/\u200emorettidesign-blog.\u200e001.jpeg\",\"datePublished\":\"2026-04-24T13:13:21+00:00\",\"dateModified\":\"2026-04-27T13:53:31+00:00\",\"author\":{\"@id\":\"https:\/\/morettidesign.it\/#\/schema\/person\/90f84f03300cc38c27e89245999c4833\"},\"breadcrumb\":{\"@id\":\"https:\/\/morettidesign.it\/es\/2026\/04\/24\/la-fibra-ottica-come-leva-del-made-in-italy-moretti-design-racconta-levento-open-fiber\/#breadcrumb\"},\"inLanguage\":\"es\",\"potentialAction\":[{\"@type\":\"ReadAction\",\"target\":[\"https:\/\/morettidesign.it\/es\/2026\/04\/24\/la-fibra-ottica-come-leva-del-made-in-italy-moretti-design-racconta-levento-open-fiber\/\"]}]},{\"@type\":\"ImageObject\",\"inLanguage\":\"es\",\"@id\":\"https:\/\/morettidesign.it\/es\/2026\/04\/24\/la-fibra-ottica-come-leva-del-made-in-italy-moretti-design-racconta-levento-open-fiber\/#primaryimage\",\"url\":\"https:\/\/morettidesign.it\/wp-content\/uploads\/2026\/04\/\u200emorettidesign-blog.\u200e001.jpeg\",\"contentUrl\":\"https:\/\/morettidesign.it\/wp-content\/uploads\/2026\/04\/\u200emorettidesign-blog.\u200e001.jpeg\",\"width\":770,\"height\":455},{\"@type\":\"BreadcrumbList\",\"@id\":\"https:\/\/morettidesign.it\/es\/2026\/04\/24\/la-fibra-ottica-come-leva-del-made-in-italy-moretti-design-racconta-levento-open-fiber\/#breadcrumb\",\"itemListElement\":[{\"@type\":\"ListItem\",\"position\":1,\"name\":\"Home\",\"item\":\"https:\/\/morettidesign.it\/es\/\"},{\"@type\":\"ListItem\",\"position\":2,\"name\":\"La fibra \u00f3ptica como palanca del Made in Italy: Moretti Design relata el evento Open Fiber\"}]},{\"@type\":\"WebSite\",\"@id\":\"https:\/\/morettidesign.it\/#website\",\"url\":\"https:\/\/morettidesign.it\/\",\"name\":\"Moretti Design\",\"description\":\"Stufe a pellet e legna\",\"potentialAction\":[{\"@type\":\"SearchAction\",\"target\":{\"@type\":\"EntryPoint\",\"urlTemplate\":\"https:\/\/morettidesign.it\/?s={search_term_string}\"},\"query-input\":{\"@type\":\"PropertyValueSpecification\",\"valueRequired\":true,\"valueName\":\"search_term_string\"}}],\"inLanguage\":\"es\"},{\"@type\":\"Person\",\"@id\":\"https:\/\/morettidesign.it\/#\/schema\/person\/90f84f03300cc38c27e89245999c4833\",\"name\":\"Moretti Design\",\"image\":{\"@type\":\"ImageObject\",\"inLanguage\":\"es\",\"@id\":\"https:\/\/morettidesign.it\/#\/schema\/person\/image\/\",\"url\":\"https:\/\/secure.gravatar.com\/avatar\/d148474cbc34ea407c27fe3390b2ff1c?s=96&d=mm&r=g\",\"contentUrl\":\"https:\/\/secure.gravatar.com\/avatar\/d148474cbc34ea407c27fe3390b2ff1c?s=96&d=mm&r=g\",\"caption\":\"Moretti Design\"},\"sameAs\":[\"http:\/\/test.mediaworksrl.it\/test\"],\"url\":\"https:\/\/morettidesign.it\/es\/author\/test-moretti\/\"}]}<\/script>\n<!-- \/ Yoast SEO plugin. -->","yoast_head_json":{"title":"La fibra \u00f3ptica como palanca del Made in Italy: Moretti Design relata el evento Open Fiber - Moretti Design","robots":{"index":"index","follow":"follow","max-snippet":"max-snippet:-1","max-image-preview":"max-image-preview:large","max-video-preview":"max-video-preview:-1"},"canonical":"https:\/\/morettidesign.it\/es\/2026\/04\/24\/la-fibra-ottica-come-leva-del-made-in-italy-moretti-design-racconta-levento-open-fiber\/","og_locale":"es_ES","og_type":"article","og_title":"La fibra \u00f3ptica como palanca del Made in Italy: Moretti Design relata el evento Open Fiber - Moretti Design","og_description":"El evento y la participaci\u00f3n de Moretti Design Stefano Moretti, CEO de Moretti Design, particip\u00f3 en Roma en el encuentro \u201cFibra \u00f3ptica: el futuro del Made in Italy\u201d, promovido por Open Fiber con motivo del D\u00eda Nacional del Made in Italy. El evento represent\u00f3 un importante momento de reflexi\u00f3n sobre el papel de la conectividad en el desarrollo del sistema productivo italiano, con un enfoque claro: la fibra \u00f3ptica ya no es solo una infraestructura tecnol\u00f3gica, sino una palanca estrat\u00e9gica para la competitividad empresarial. Durante el encuentro, Moretti Design aport\u00f3 el testimonio directo de la empresa a trav\u00e9s de la intervenci\u00f3n del CEO Stefano Moretti, explicando c\u00f3mo la evoluci\u00f3n digital y la adopci\u00f3n de la fibra han incidido concretamente en los procesos productivos, organizativos y comerciales. Fibra \u00f3ptica y Made in Italy: una nueva infraestructura para competir Del debate surgido durante el evento se desprende un punto fundamental: hoy la competencia entre empresas es cada vez m\u00e1s digital y global. Para el Made in Italy ya no basta con destacar en la calidad del producto. Es necesario poder contar con infraestructuras digitales capaces de soportar: La fibra \u00f3ptica se convierte as\u00ed en un elemento estructural para el crecimiento industrial. No es solo una tecnolog\u00eda de conexi\u00f3n, sino un verdadero acelerador de competitividad, capaz de sostener la evoluci\u00f3n de las cadenas productivas italianas. Un dato destacado durante el encuentro subraya tambi\u00e9n el valor econ\u00f3mico de esta infraestructura: cada euro invertido en fibra puede generar hasta 4,4 euros de PIB, confirmando su impacto directo en el desarrollo del pa\u00eds. Moretti Design y el valor de la conectividad En su intervenci\u00f3n, Stefano Moretti relat\u00f3 la trayectoria de Moretti Design, una empresa fundada en 1960 y desarrollada a trav\u00e9s de diferentes fases evolutivas, hasta la actual estructura productiva orientada a la innovaci\u00f3n y a los mercados internacionales. La llegada de la fibra \u00f3ptica represent\u00f3 un paso indispensable para la empresa. La conectividad ultrarr\u00e1pida permiti\u00f3: Hoy la fibra es un factor habilitador concreto: sin ella no ser\u00eda posible garantizar el mismo nivel de eficiencia productiva ni sostener la intensidad de las relaciones comerciales internacionales. En particular, en un contexto global cada vez m\u00e1s competitivo, donde los mercados emergentes ejercen una fuerte presi\u00f3n sobre los precios, la capacidad de competir se basa cada vez m\u00e1s en la calidad, la innovaci\u00f3n y la rapidez operativa. La fibra como punto de inflexi\u00f3n para el futuro del Made in Italy El evento promovido por Open Fiber confirm\u00f3 una direcci\u00f3n ya clara: la fibra \u00f3ptica es una de las infraestructuras fundamentales para el futuro del Made in Italy. En este escenario, el testimonio de Moretti Design refleja un enfoque constante hacia la evoluci\u00f3n y la innovaci\u00f3n: mantenerse actualizado no es una elecci\u00f3n ocasional, sino una forma de trabajar diaria, necesaria para crecer y seguir siendo competitivos en los mercados internacionales. La conectividad no es, por tanto, un elemento accesorio, sino un verdadero punto de inflexi\u00f3n para el crecimiento empresarial. Hoy ser competitivo significa saber integrar producci\u00f3n, innovaci\u00f3n e internacionalizaci\u00f3n dentro de un ecosistema cada vez m\u00e1s digital e interconectado.","og_url":"https:\/\/morettidesign.it\/es\/2026\/04\/24\/la-fibra-ottica-come-leva-del-made-in-italy-moretti-design-racconta-levento-open-fiber\/","og_site_name":"Moretti Design","article_published_time":"2026-04-24T13:13:21+00:00","article_modified_time":"2026-04-27T13:53:31+00:00","og_image":[{"width":770,"height":455,"url":"https:\/\/morettidesign.it\/wp-content\/uploads\/2026\/04\/\u200emorettidesign-blog.\u200e001.jpeg","type":"image\/jpeg"}],"author":"Moretti Design","twitter_card":"summary_large_image","twitter_misc":{"Escrito por":"Moretti Design","Tiempo de lectura":"4 minutos"},"schema":{"@context":"https:\/\/schema.org","@graph":[{"@type":"WebPage","@id":"https:\/\/morettidesign.it\/es\/2026\/04\/24\/la-fibra-ottica-come-leva-del-made-in-italy-moretti-design-racconta-levento-open-fiber\/","url":"https:\/\/morettidesign.it\/es\/2026\/04\/24\/la-fibra-ottica-come-leva-del-made-in-italy-moretti-design-racconta-levento-open-fiber\/","name":"La fibra \u00f3ptica como palanca del Made in Italy: Moretti Design relata el evento Open Fiber - Moretti Design","isPartOf":{"@id":"https:\/\/morettidesign.it\/#website"},"primaryImageOfPage":{"@id":"https:\/\/morettidesign.it\/es\/2026\/04\/24\/la-fibra-ottica-come-leva-del-made-in-italy-moretti-design-racconta-levento-open-fiber\/#primaryimage"},"image":{"@id":"https:\/\/morettidesign.it\/es\/2026\/04\/24\/la-fibra-ottica-come-leva-del-made-in-italy-moretti-design-racconta-levento-open-fiber\/#primaryimage"},"thumbnailUrl":"https:\/\/morettidesign.it\/wp-content\/uploads\/2026\/04\/\u200emorettidesign-blog.\u200e001.jpeg","datePublished":"2026-04-24T13:13:21+00:00","dateModified":"2026-04-27T13:53:31+00:00","author":{"@id":"https:\/\/morettidesign.it\/#\/schema\/person\/90f84f03300cc38c27e89245999c4833"},"breadcrumb":{"@id":"https:\/\/morettidesign.it\/es\/2026\/04\/24\/la-fibra-ottica-come-leva-del-made-in-italy-moretti-design-racconta-levento-open-fiber\/#breadcrumb"},"inLanguage":"es","potentialAction":[{"@type":"ReadAction","target":["https:\/\/morettidesign.it\/es\/2026\/04\/24\/la-fibra-ottica-come-leva-del-made-in-italy-moretti-design-racconta-levento-open-fiber\/"]}]},{"@type":"ImageObject","inLanguage":"es","@id":"https:\/\/morettidesign.it\/es\/2026\/04\/24\/la-fibra-ottica-come-leva-del-made-in-italy-moretti-design-racconta-levento-open-fiber\/#primaryimage","url":"https:\/\/morettidesign.it\/wp-content\/uploads\/2026\/04\/\u200emorettidesign-blog.\u200e001.jpeg","contentUrl":"https:\/\/morettidesign.it\/wp-content\/uploads\/2026\/04\/\u200emorettidesign-blog.\u200e001.jpeg","width":770,"height":455},{"@type":"BreadcrumbList","@id":"https:\/\/morettidesign.it\/es\/2026\/04\/24\/la-fibra-ottica-come-leva-del-made-in-italy-moretti-design-racconta-levento-open-fiber\/#breadcrumb","itemListElement":[{"@type":"ListItem","position":1,"name":"Home","item":"https:\/\/morettidesign.it\/es\/"},{"@type":"ListItem","position":2,"name":"La fibra \u00f3ptica como palanca del Made in Italy: Moretti Design relata el evento Open Fiber"}]},{"@type":"WebSite","@id":"https:\/\/morettidesign.it\/#website","url":"https:\/\/morettidesign.it\/","name":"Moretti Design","description":"Stufe a pellet e legna","potentialAction":[{"@type":"SearchAction","target":{"@type":"EntryPoint","urlTemplate":"https:\/\/morettidesign.it\/?s={search_term_string}"},"query-input":{"@type":"PropertyValueSpecification","valueRequired":true,"valueName":"search_term_string"}}],"inLanguage":"es"},{"@type":"Person","@id":"https:\/\/morettidesign.it\/#\/schema\/person\/90f84f03300cc38c27e89245999c4833","name":"Moretti Design","image":{"@type":"ImageObject","inLanguage":"es","@id":"https:\/\/morettidesign.it\/#\/schema\/person\/image\/","url":"https:\/\/secure.gravatar.com\/avatar\/d148474cbc34ea407c27fe3390b2ff1c?s=96&d=mm&r=g","contentUrl":"https:\/\/secure.gravatar.com\/avatar\/d148474cbc34ea407c27fe3390b2ff1c?s=96&d=mm&r=g","caption":"Moretti Design"},"sameAs":["http:\/\/test.mediaworksrl.it\/test"],"url":"https:\/\/morettidesign.it\/es\/author\/test-moretti\/"}]}},"_links":{"self":[{"href":"https:\/\/morettidesign.it\/es\/wp-json\/wp\/v2\/posts\/65619"}],"collection":[{"href":"https:\/\/morettidesign.it\/es\/wp-json\/wp\/v2\/posts"}],"about":[{"href":"https:\/\/morettidesign.it\/es\/wp-json\/wp\/v2\/types\/post"}],"author":[{"embeddable":true,"href":"https:\/\/morettidesign.it\/es\/wp-json\/wp\/v2\/users\/1"}],"replies":[{"embeddable":true,"href":"https:\/\/morettidesign.it\/es\/wp-json\/wp\/v2\/comments?post=65619"}],"version-history":[{"count":1,"href":"https:\/\/morettidesign.it\/es\/wp-json\/wp\/v2\/posts\/65619\/revisions"}],"predecessor-version":[{"id":65621,"href":"https:\/\/morettidesign.it\/es\/wp-json\/wp\/v2\/posts\/65619\/revisions\/65621"}],"wp:featuredmedia":[{"embeddable":true,"href":"https:\/\/morettidesign.it\/es\/wp-json\/wp\/v2\/media\/65586"}],"wp:attachment":[{"href":"https:\/\/morettidesign.it\/es\/wp-json\/wp\/v2\/media?parent=65619"}],"wp:term":[{"taxonomy":"category","embeddable":true,"href":"https:\/\/morettidesign.it\/es\/wp-json\/wp\/v2\/categories?post=65619"},{"taxonomy":"post_tag","embeddable":true,"href":"https:\/\/morettidesign.it\/es\/wp-json\/wp\/v2\/tags?post=65619"}],"curies":[{"name":"wp","href":"https:\/\/api.w.org\/{rel}","templated":true}]}}