{"id":65622,"date":"2026-04-24T15:13:21","date_gmt":"2026-04-24T13:13:21","guid":{"rendered":"https:\/\/morettidesign.it\/2026\/04\/24\/la-fibra-ottica-come-leva-del-made-in-italy-moretti-design-racconta-levento-open-fiber\/"},"modified":"2026-04-27T15:55:24","modified_gmt":"2026-04-27T13:55:24","slug":"la-fibra-ottica-come-leva-del-made-in-italy-moretti-design-racconta-levento-open-fiber","status":"publish","type":"post","link":"https:\/\/morettidesign.it\/fr\/2026\/04\/24\/la-fibra-ottica-come-leva-del-made-in-italy-moretti-design-racconta-levento-open-fiber\/","title":{"rendered":"La fibre optique comme levier du Made in Italy : Moretti Design raconte l\u2019\u00e9v\u00e9nement Open Fiber"},"content":{"rendered":"\n<h2 class=\"wp-block-heading\"><strong>L\u2019\u00e9v\u00e9nement et la participation de Moretti Design<\/strong><\/h2>\n\n\n\n<p>Stefano Moretti, CEO de Moretti Design, a particip\u00e9 \u00e0 Rome \u00e0 la rencontre \u00ab Fibre optique : le futur du Made in Italy \u00bb, organis\u00e9e par Open Fiber \u00e0 l\u2019occasion de la Journ\u00e9e Nationale du Made in Italy.<\/p>\n\n\n\n<p>L\u2019\u00e9v\u00e9nement a repr\u00e9sent\u00e9 un moment important d\u2019\u00e9change sur le r\u00f4le de la connectivit\u00e9 dans le d\u00e9veloppement du syst\u00e8me productif italien, avec un point clair : la fibre optique n\u2019est plus seulement une infrastructure technologique, mais un levier strat\u00e9gique pour la comp\u00e9titivit\u00e9 des entreprises.<\/p>\n\n\n\n<p>Au cours de la rencontre, Moretti Design a apport\u00e9 le t\u00e9moignage direct de l\u2019entreprise \u00e0 travers l\u2019intervention du CEO Stefano Moretti, en expliquant comment l\u2019\u00e9volution digitale et l\u2019adoption de la fibre ont concr\u00e8tement impact\u00e9 les processus productifs, organisationnels et commerciaux.<\/p>\n\n\n\n<h2 class=\"wp-block-heading\"><strong>Fibre optique et Made in Italy : une nouvelle infrastructure pour concurrencer<\/strong><\/h2>\n\n\n\n<p>Du d\u00e9bat qui a \u00e9merg\u00e9 lors de l\u2019\u00e9v\u00e9nement, un point fondamental est clair : aujourd\u2019hui, la concurrence entre les entreprises est de plus en plus digitale et globale.<\/p>\n\n\n\n<p>Pour le Made in Italy, il ne suffit plus d\u2019exceller dans la qualit\u00e9 du produit. Il est n\u00e9cessaire de pouvoir compter sur des infrastructures digitales capables de soutenir :<\/p>\n\n\n\n<ul class=\"wp-block-list\">\n<li>la rapidit\u00e9 de communication et d\u2019\u00e9change de donn\u00e9es<\/li>\n\n\n\n<li>la gestion en temps r\u00e9el des informations<\/li>\n\n\n\n<li>la continuit\u00e9 op\u00e9rationnelle entre d\u00e9partements et march\u00e9s internationaux<\/li>\n\n\n\n<li>la collaboration constante entre entreprises, fournisseurs et clients<\/li>\n<\/ul>\n\n\n\n<p>La fibre optique devient donc un \u00e9l\u00e9ment structurel de la croissance industrielle. Ce n\u2019est pas seulement une technologie de connexion, mais un v\u00e9ritable acc\u00e9l\u00e9rateur de comp\u00e9titivit\u00e9, capable de soutenir l\u2019\u00e9volution des fili\u00e8res productives italiennes.<\/p>\n\n\n\n<p>Un chiffre mis en \u00e9vidence lors de la rencontre souligne \u00e9galement la valeur \u00e9conomique de cette infrastructure : chaque euro investi dans la fibre peut g\u00e9n\u00e9rer jusqu\u2019\u00e0 4,4 euros de PIB, confirmant son impact direct sur le d\u00e9veloppement du pays.<\/p>\n\n\n\n<h2 class=\"wp-block-heading\"><strong>Moretti Design et la valeur de la connectivit\u00e9<\/strong><\/h2>\n\n\n\n<p>Dans son intervention, Stefano Moretti a retrac\u00e9 le parcours de Moretti Design, une entreprise fond\u00e9e en 1960 et d\u00e9velopp\u00e9e \u00e0 travers diff\u00e9rentes phases d\u2019\u00e9volution, jusqu\u2019\u00e0 sa structure productive actuelle orient\u00e9e vers l\u2019innovation et les march\u00e9s internationaux.<\/p>\n\n\n\n<p>L\u2019arriv\u00e9e de la fibre optique a repr\u00e9sent\u00e9 une \u00e9tape indispensable pour l\u2019entreprise.<\/p>\n\n\n\n<p>La connectivit\u00e9 ultra-rapide a permis de :<\/p>\n\n\n\n<ul class=\"wp-block-list\">\n<li>am\u00e9liorer la stabilit\u00e9 de la connexion jusqu\u2019\u00e0 la doubler par rapport au pass\u00e9<\/li>\n\n\n\n<li>augmenter d\u2019environ 20 % la vitesse et les temps de r\u00e9ponse op\u00e9rationnelle<\/li>\n\n\n\n<li>rendre la production plus efficace gr\u00e2ce \u00e0 la connexion entre l\u2019homme et les machines<\/li>\n\n\n\n<li>renforcer notre pr\u00e9sence sur les march\u00e9s \u00e9trangers<\/li>\n<\/ul>\n\n\n\n<p>Aujourd\u2019hui, la fibre est un facteur habilitant concret : sans elle, il ne serait pas possible de garantir le m\u00eame niveau d\u2019efficacit\u00e9 productive ni de soutenir l\u2019intensit\u00e9 des relations commerciales internationales.<\/p>\n\n\n\n<p>En particulier, dans un contexte mondial de plus en plus comp\u00e9titif, o\u00f9 les march\u00e9s \u00e9mergents exercent une forte pression sur les prix, la capacit\u00e9 \u00e0 concurrencer repose de plus en plus sur la qualit\u00e9, l\u2019innovation et la rapidit\u00e9 op\u00e9rationnelle.<\/p>\n\n\n\n<h2 class=\"wp-block-heading\"><strong>La fibre comme tournant pour le futur du Made in Italy<\/strong><\/h2>\n\n\n\n<p>L\u2019\u00e9v\u00e9nement promu par Open Fiber a confirm\u00e9 une direction d\u00e9sormais claire : la fibre optique est l\u2019une des infrastructures fondamentales pour l\u2019avenir du Made in Italy.<\/p>\n\n\n\n<p>Dans ce contexte, le t\u00e9moignage de Moretti Design refl\u00e8te une approche constante de l\u2019\u00e9volution et de l\u2019innovation : rester \u00e0 jour n\u2019est pas un choix occasionnel, mais une m\u00e9thode de travail quotidienne, n\u00e9cessaire pour cro\u00eetre et rester comp\u00e9titif sur les march\u00e9s internationaux.<\/p>\n\n\n\n<p>La connectivit\u00e9 n\u2019est donc pas un \u00e9l\u00e9ment accessoire, mais un v\u00e9ritable tournant pour la croissance des entreprises. Aujourd\u2019hui, \u00eatre comp\u00e9titif signifie savoir int\u00e9grer production, innovation et internationalisation dans un \u00e9cosyst\u00e8me de plus en plus digital et interconnect\u00e9.<\/p>\n\n\n\n<figure class=\"wp-block-embed is-type-video is-provider-youtube wp-block-embed-youtube wp-embed-aspect-16-9 wp-has-aspect-ratio\"><div class=\"wp-block-embed__wrapper\">\n<div class=\"embed-responsive embed-responsive-16by9\"><iframe loading=\"lazy\" title=\"Digitale: Moretti (Moretti Design), \u2018fibra ottica indispensabile per competitivit\u00e0\u2019\" width=\"640\" height=\"360\" src=\"https:\/\/www.youtube.com\/embed\/ww9dViv2pww?feature=oembed&#038;enablejsapi=1&#038;origin=https:\/\/morettidesign.it\" frameborder=\"0\" allow=\"accelerometer; autoplay; clipboard-write; encrypted-media; gyroscope; picture-in-picture; web-share\" referrerpolicy=\"strict-origin-when-cross-origin\" allowfullscreen><\/iframe><\/div>\n<\/div><\/figure>\n","protected":false},"excerpt":{"rendered":"L\u2019\u00e9v\u00e9nement et la participation de Moretti Design Stefano Moretti, CEO de Moretti Design, a particip\u00e9 \u00e0 Rome \u00e0 la rencontre \u00ab Fibre optique : le futur du Made in Italy \u00bb, organis\u00e9e par Open Fiber \u00e0 l\u2019occasion de la Journ\u00e9e Nationale du Made in Italy. L\u2019\u00e9v\u00e9nement a repr\u00e9sent\u00e9 un moment important d\u2019\u00e9change sur le r\u00f4le de la connectivit\u00e9 dans le d\u00e9veloppement du syst\u00e8me productif italien, avec un point clair : la fibre optique n\u2019est plus seulement une infrastructure technologique, mais un levier strat\u00e9gique pour la comp\u00e9titivit\u00e9 des entreprises. Au cours de la rencontre, Moretti Design a apport\u00e9 le t\u00e9moignage direct de l\u2019entreprise \u00e0 travers l\u2019intervention du CEO Stefano Moretti, en expliquant comment l\u2019\u00e9volution digitale et l\u2019adoption de la fibre ont concr\u00e8tement impact\u00e9 les processus productifs, organisationnels et commerciaux. Fibre optique et Made in Italy : une nouvelle infrastructure pour concurrencer Du d\u00e9bat qui a \u00e9merg\u00e9 lors de l\u2019\u00e9v\u00e9nement, un point fondamental est clair : aujourd\u2019hui, la concurrence entre les entreprises est de plus en plus digitale et globale. Pour le Made in Italy, il ne suffit plus d\u2019exceller dans la qualit\u00e9 du produit. Il est n\u00e9cessaire de pouvoir compter sur des infrastructures digitales capables de soutenir : La fibre optique devient donc un \u00e9l\u00e9ment structurel de la croissance industrielle. Ce n\u2019est pas seulement une technologie de connexion, mais un v\u00e9ritable acc\u00e9l\u00e9rateur de comp\u00e9titivit\u00e9, capable de soutenir l\u2019\u00e9volution des fili\u00e8res productives italiennes. Un chiffre mis en \u00e9vidence lors de la rencontre souligne \u00e9galement la valeur \u00e9conomique de cette infrastructure : chaque euro investi dans la fibre peut g\u00e9n\u00e9rer jusqu\u2019\u00e0 4,4 euros de PIB, confirmant son impact direct sur le d\u00e9veloppement du pays. Moretti Design et la valeur de la connectivit\u00e9 Dans son intervention, Stefano Moretti a retrac\u00e9 le parcours de Moretti Design, une entreprise fond\u00e9e en 1960 et d\u00e9velopp\u00e9e \u00e0 travers diff\u00e9rentes phases d\u2019\u00e9volution, jusqu\u2019\u00e0 sa structure productive actuelle orient\u00e9e vers l\u2019innovation et les march\u00e9s internationaux. L\u2019arriv\u00e9e de la fibre optique a repr\u00e9sent\u00e9 une \u00e9tape indispensable pour l\u2019entreprise. La connectivit\u00e9 ultra-rapide a permis de : Aujourd\u2019hui, la fibre est un facteur habilitant concret : sans elle, il ne serait pas possible de garantir le m\u00eame niveau d\u2019efficacit\u00e9 productive ni de soutenir l\u2019intensit\u00e9 des relations commerciales internationales. En particulier, dans un contexte mondial de plus en plus comp\u00e9titif, o\u00f9 les march\u00e9s \u00e9mergents exercent une forte pression sur les prix, la capacit\u00e9 \u00e0 concurrencer repose de plus en plus sur la qualit\u00e9, l\u2019innovation et la rapidit\u00e9 op\u00e9rationnelle. La fibre comme tournant pour le futur du Made in Italy L\u2019\u00e9v\u00e9nement promu par Open Fiber a confirm\u00e9 une direction d\u00e9sormais claire : la fibre optique est l\u2019une des infrastructures fondamentales pour l\u2019avenir du Made in Italy. Dans ce contexte, le t\u00e9moignage de Moretti Design refl\u00e8te une approche constante de l\u2019\u00e9volution et de l\u2019innovation : rester \u00e0 jour n\u2019est pas un choix occasionnel, mais une m\u00e9thode de travail quotidienne, n\u00e9cessaire pour cro\u00eetre et rester comp\u00e9titif sur les march\u00e9s internationaux. La connectivit\u00e9 n\u2019est donc pas un \u00e9l\u00e9ment accessoire, mais un v\u00e9ritable tournant pour la croissance des entreprises. Aujourd\u2019hui, \u00eatre comp\u00e9titif signifie savoir int\u00e9grer production, innovation et internationalisation dans un \u00e9cosyst\u00e8me de plus en plus digital et interconnect\u00e9.","protected":false},"author":1,"featured_media":65584,"comment_status":"open","ping_status":"closed","sticky":false,"template":"","format":"standard","meta":{"_glsr_average":0,"_glsr_ranking":0,"_glsr_reviews":0,"footnotes":""},"categories":[4824,2780,2783],"tags":[],"class_list":["post-65622","post","type-post","status-publish","format-standard","has-post-thumbnail","hentry","category-interviste-fr","category-nouvelles-et-evenements","category-technologies-fr"],"yoast_head":"<!-- This site is optimized with the Yoast SEO plugin v23.5 - https:\/\/yoast.com\/wordpress\/plugins\/seo\/ -->\n<title>La fibre optique comme levier du Made in Italy : Moretti Design raconte l\u2019\u00e9v\u00e9nement Open Fiber - Moretti Design<\/title>\n<meta name=\"robots\" content=\"index, follow, max-snippet:-1, max-image-preview:large, max-video-preview:-1\" \/>\n<link rel=\"canonical\" href=\"https:\/\/morettidesign.it\/fr\/2026\/04\/24\/la-fibra-ottica-come-leva-del-made-in-italy-moretti-design-racconta-levento-open-fiber\/\" \/>\n<meta property=\"og:locale\" content=\"fr_FR\" \/>\n<meta property=\"og:type\" content=\"article\" \/>\n<meta property=\"og:title\" content=\"La fibre optique comme levier du Made in Italy : Moretti Design raconte l\u2019\u00e9v\u00e9nement Open Fiber - Moretti Design\" \/>\n<meta property=\"og:description\" content=\"L\u2019\u00e9v\u00e9nement et la participation de Moretti Design Stefano Moretti, CEO de Moretti Design, a particip\u00e9 \u00e0 Rome \u00e0 la rencontre \u00ab Fibre optique : le futur du Made in Italy \u00bb, organis\u00e9e par Open Fiber \u00e0 l\u2019occasion de la Journ\u00e9e Nationale du Made in Italy. L\u2019\u00e9v\u00e9nement a repr\u00e9sent\u00e9 un moment important d\u2019\u00e9change sur le r\u00f4le de la connectivit\u00e9 dans le d\u00e9veloppement du syst\u00e8me productif italien, avec un point clair : la fibre optique n\u2019est plus seulement une infrastructure technologique, mais un levier strat\u00e9gique pour la comp\u00e9titivit\u00e9 des entreprises. Au cours de la rencontre, Moretti Design a apport\u00e9 le t\u00e9moignage direct de l\u2019entreprise \u00e0 travers l\u2019intervention du CEO Stefano Moretti, en expliquant comment l\u2019\u00e9volution digitale et l\u2019adoption de la fibre ont concr\u00e8tement impact\u00e9 les processus productifs, organisationnels et commerciaux. Fibre optique et Made in Italy : une nouvelle infrastructure pour concurrencer Du d\u00e9bat qui a \u00e9merg\u00e9 lors de l\u2019\u00e9v\u00e9nement, un point fondamental est clair : aujourd\u2019hui, la concurrence entre les entreprises est de plus en plus digitale et globale. Pour le Made in Italy, il ne suffit plus d\u2019exceller dans la qualit\u00e9 du produit. Il est n\u00e9cessaire de pouvoir compter sur des infrastructures digitales capables de soutenir : La fibre optique devient donc un \u00e9l\u00e9ment structurel de la croissance industrielle. Ce n\u2019est pas seulement une technologie de connexion, mais un v\u00e9ritable acc\u00e9l\u00e9rateur de comp\u00e9titivit\u00e9, capable de soutenir l\u2019\u00e9volution des fili\u00e8res productives italiennes. Un chiffre mis en \u00e9vidence lors de la rencontre souligne \u00e9galement la valeur \u00e9conomique de cette infrastructure : chaque euro investi dans la fibre peut g\u00e9n\u00e9rer jusqu\u2019\u00e0 4,4 euros de PIB, confirmant son impact direct sur le d\u00e9veloppement du pays. Moretti Design et la valeur de la connectivit\u00e9 Dans son intervention, Stefano Moretti a retrac\u00e9 le parcours de Moretti Design, une entreprise fond\u00e9e en 1960 et d\u00e9velopp\u00e9e \u00e0 travers diff\u00e9rentes phases d\u2019\u00e9volution, jusqu\u2019\u00e0 sa structure productive actuelle orient\u00e9e vers l\u2019innovation et les march\u00e9s internationaux. L\u2019arriv\u00e9e de la fibre optique a repr\u00e9sent\u00e9 une \u00e9tape indispensable pour l\u2019entreprise. La connectivit\u00e9 ultra-rapide a permis de : Aujourd\u2019hui, la fibre est un facteur habilitant concret : sans elle, il ne serait pas possible de garantir le m\u00eame niveau d\u2019efficacit\u00e9 productive ni de soutenir l\u2019intensit\u00e9 des relations commerciales internationales. En particulier, dans un contexte mondial de plus en plus comp\u00e9titif, o\u00f9 les march\u00e9s \u00e9mergents exercent une forte pression sur les prix, la capacit\u00e9 \u00e0 concurrencer repose de plus en plus sur la qualit\u00e9, l\u2019innovation et la rapidit\u00e9 op\u00e9rationnelle. La fibre comme tournant pour le futur du Made in Italy L\u2019\u00e9v\u00e9nement promu par Open Fiber a confirm\u00e9 une direction d\u00e9sormais claire : la fibre optique est l\u2019une des infrastructures fondamentales pour l\u2019avenir du Made in Italy. Dans ce contexte, le t\u00e9moignage de Moretti Design refl\u00e8te une approche constante de l\u2019\u00e9volution et de l\u2019innovation : rester \u00e0 jour n\u2019est pas un choix occasionnel, mais une m\u00e9thode de travail quotidienne, n\u00e9cessaire pour cro\u00eetre et rester comp\u00e9titif sur les march\u00e9s internationaux. La connectivit\u00e9 n\u2019est donc pas un \u00e9l\u00e9ment accessoire, mais un v\u00e9ritable tournant pour la croissance des entreprises. Aujourd\u2019hui, \u00eatre comp\u00e9titif signifie savoir int\u00e9grer production, innovation et internationalisation dans un \u00e9cosyst\u00e8me de plus en plus digital et interconnect\u00e9.\" \/>\n<meta property=\"og:url\" content=\"https:\/\/morettidesign.it\/fr\/2026\/04\/24\/la-fibra-ottica-come-leva-del-made-in-italy-moretti-design-racconta-levento-open-fiber\/\" \/>\n<meta property=\"og:site_name\" content=\"Moretti Design\" \/>\n<meta property=\"article:published_time\" content=\"2026-04-24T13:13:21+00:00\" \/>\n<meta property=\"article:modified_time\" content=\"2026-04-27T13:55:24+00:00\" \/>\n<meta property=\"og:image\" content=\"https:\/\/morettidesign.it\/wp-content\/uploads\/2026\/04\/\u200emorettidesign-blog.\u200e001.jpeg\" \/>\n\t<meta property=\"og:image:width\" content=\"770\" \/>\n\t<meta property=\"og:image:height\" content=\"455\" \/>\n\t<meta property=\"og:image:type\" content=\"image\/jpeg\" \/>\n<meta name=\"author\" content=\"Moretti Design\" \/>\n<meta name=\"twitter:card\" content=\"summary_large_image\" \/>\n<meta name=\"twitter:label1\" content=\"\u00c9crit par\" \/>\n\t<meta name=\"twitter:data1\" content=\"Moretti Design\" \/>\n\t<meta name=\"twitter:label2\" content=\"Dur\u00e9e de lecture estim\u00e9e\" \/>\n\t<meta name=\"twitter:data2\" content=\"4 minutes\" \/>\n<script type=\"application\/ld+json\" class=\"yoast-schema-graph\">{\"@context\":\"https:\/\/schema.org\",\"@graph\":[{\"@type\":\"WebPage\",\"@id\":\"https:\/\/morettidesign.it\/fr\/2026\/04\/24\/la-fibra-ottica-come-leva-del-made-in-italy-moretti-design-racconta-levento-open-fiber\/\",\"url\":\"https:\/\/morettidesign.it\/fr\/2026\/04\/24\/la-fibra-ottica-come-leva-del-made-in-italy-moretti-design-racconta-levento-open-fiber\/\",\"name\":\"La fibre optique comme levier du Made in Italy : Moretti Design raconte l\u2019\u00e9v\u00e9nement Open Fiber - Moretti Design\",\"isPartOf\":{\"@id\":\"https:\/\/morettidesign.it\/#website\"},\"primaryImageOfPage\":{\"@id\":\"https:\/\/morettidesign.it\/fr\/2026\/04\/24\/la-fibra-ottica-come-leva-del-made-in-italy-moretti-design-racconta-levento-open-fiber\/#primaryimage\"},\"image\":{\"@id\":\"https:\/\/morettidesign.it\/fr\/2026\/04\/24\/la-fibra-ottica-come-leva-del-made-in-italy-moretti-design-racconta-levento-open-fiber\/#primaryimage\"},\"thumbnailUrl\":\"https:\/\/morettidesign.it\/wp-content\/uploads\/2026\/04\/\u200emorettidesign-blog.\u200e001.jpeg\",\"datePublished\":\"2026-04-24T13:13:21+00:00\",\"dateModified\":\"2026-04-27T13:55:24+00:00\",\"author\":{\"@id\":\"https:\/\/morettidesign.it\/#\/schema\/person\/90f84f03300cc38c27e89245999c4833\"},\"breadcrumb\":{\"@id\":\"https:\/\/morettidesign.it\/fr\/2026\/04\/24\/la-fibra-ottica-come-leva-del-made-in-italy-moretti-design-racconta-levento-open-fiber\/#breadcrumb\"},\"inLanguage\":\"fr-FR\",\"potentialAction\":[{\"@type\":\"ReadAction\",\"target\":[\"https:\/\/morettidesign.it\/fr\/2026\/04\/24\/la-fibra-ottica-come-leva-del-made-in-italy-moretti-design-racconta-levento-open-fiber\/\"]}]},{\"@type\":\"ImageObject\",\"inLanguage\":\"fr-FR\",\"@id\":\"https:\/\/morettidesign.it\/fr\/2026\/04\/24\/la-fibra-ottica-come-leva-del-made-in-italy-moretti-design-racconta-levento-open-fiber\/#primaryimage\",\"url\":\"https:\/\/morettidesign.it\/wp-content\/uploads\/2026\/04\/\u200emorettidesign-blog.\u200e001.jpeg\",\"contentUrl\":\"https:\/\/morettidesign.it\/wp-content\/uploads\/2026\/04\/\u200emorettidesign-blog.\u200e001.jpeg\",\"width\":770,\"height\":455},{\"@type\":\"BreadcrumbList\",\"@id\":\"https:\/\/morettidesign.it\/fr\/2026\/04\/24\/la-fibra-ottica-come-leva-del-made-in-italy-moretti-design-racconta-levento-open-fiber\/#breadcrumb\",\"itemListElement\":[{\"@type\":\"ListItem\",\"position\":1,\"name\":\"Home\",\"item\":\"https:\/\/morettidesign.it\/fr\/\"},{\"@type\":\"ListItem\",\"position\":2,\"name\":\"La fibre optique comme levier du Made in Italy : Moretti Design raconte l\u2019\u00e9v\u00e9nement Open Fiber\"}]},{\"@type\":\"WebSite\",\"@id\":\"https:\/\/morettidesign.it\/#website\",\"url\":\"https:\/\/morettidesign.it\/\",\"name\":\"Moretti Design\",\"description\":\"Stufe a pellet e legna\",\"potentialAction\":[{\"@type\":\"SearchAction\",\"target\":{\"@type\":\"EntryPoint\",\"urlTemplate\":\"https:\/\/morettidesign.it\/?s={search_term_string}\"},\"query-input\":{\"@type\":\"PropertyValueSpecification\",\"valueRequired\":true,\"valueName\":\"search_term_string\"}}],\"inLanguage\":\"fr-FR\"},{\"@type\":\"Person\",\"@id\":\"https:\/\/morettidesign.it\/#\/schema\/person\/90f84f03300cc38c27e89245999c4833\",\"name\":\"Moretti Design\",\"image\":{\"@type\":\"ImageObject\",\"inLanguage\":\"fr-FR\",\"@id\":\"https:\/\/morettidesign.it\/#\/schema\/person\/image\/\",\"url\":\"https:\/\/secure.gravatar.com\/avatar\/d148474cbc34ea407c27fe3390b2ff1c?s=96&d=mm&r=g\",\"contentUrl\":\"https:\/\/secure.gravatar.com\/avatar\/d148474cbc34ea407c27fe3390b2ff1c?s=96&d=mm&r=g\",\"caption\":\"Moretti Design\"},\"sameAs\":[\"http:\/\/test.mediaworksrl.it\/test\"],\"url\":\"https:\/\/morettidesign.it\/fr\/author\/test-moretti\/\"}]}<\/script>\n<!-- \/ Yoast SEO plugin. -->","yoast_head_json":{"title":"La fibre optique comme levier du Made in Italy : Moretti Design raconte l\u2019\u00e9v\u00e9nement Open Fiber - Moretti Design","robots":{"index":"index","follow":"follow","max-snippet":"max-snippet:-1","max-image-preview":"max-image-preview:large","max-video-preview":"max-video-preview:-1"},"canonical":"https:\/\/morettidesign.it\/fr\/2026\/04\/24\/la-fibra-ottica-come-leva-del-made-in-italy-moretti-design-racconta-levento-open-fiber\/","og_locale":"fr_FR","og_type":"article","og_title":"La fibre optique comme levier du Made in Italy : Moretti Design raconte l\u2019\u00e9v\u00e9nement Open Fiber - Moretti Design","og_description":"L\u2019\u00e9v\u00e9nement et la participation de Moretti Design Stefano Moretti, CEO de Moretti Design, a particip\u00e9 \u00e0 Rome \u00e0 la rencontre \u00ab Fibre optique : le futur du Made in Italy \u00bb, organis\u00e9e par Open Fiber \u00e0 l\u2019occasion de la Journ\u00e9e Nationale du Made in Italy. L\u2019\u00e9v\u00e9nement a repr\u00e9sent\u00e9 un moment important d\u2019\u00e9change sur le r\u00f4le de la connectivit\u00e9 dans le d\u00e9veloppement du syst\u00e8me productif italien, avec un point clair : la fibre optique n\u2019est plus seulement une infrastructure technologique, mais un levier strat\u00e9gique pour la comp\u00e9titivit\u00e9 des entreprises. Au cours de la rencontre, Moretti Design a apport\u00e9 le t\u00e9moignage direct de l\u2019entreprise \u00e0 travers l\u2019intervention du CEO Stefano Moretti, en expliquant comment l\u2019\u00e9volution digitale et l\u2019adoption de la fibre ont concr\u00e8tement impact\u00e9 les processus productifs, organisationnels et commerciaux. Fibre optique et Made in Italy : une nouvelle infrastructure pour concurrencer Du d\u00e9bat qui a \u00e9merg\u00e9 lors de l\u2019\u00e9v\u00e9nement, un point fondamental est clair : aujourd\u2019hui, la concurrence entre les entreprises est de plus en plus digitale et globale. Pour le Made in Italy, il ne suffit plus d\u2019exceller dans la qualit\u00e9 du produit. Il est n\u00e9cessaire de pouvoir compter sur des infrastructures digitales capables de soutenir : La fibre optique devient donc un \u00e9l\u00e9ment structurel de la croissance industrielle. Ce n\u2019est pas seulement une technologie de connexion, mais un v\u00e9ritable acc\u00e9l\u00e9rateur de comp\u00e9titivit\u00e9, capable de soutenir l\u2019\u00e9volution des fili\u00e8res productives italiennes. Un chiffre mis en \u00e9vidence lors de la rencontre souligne \u00e9galement la valeur \u00e9conomique de cette infrastructure : chaque euro investi dans la fibre peut g\u00e9n\u00e9rer jusqu\u2019\u00e0 4,4 euros de PIB, confirmant son impact direct sur le d\u00e9veloppement du pays. Moretti Design et la valeur de la connectivit\u00e9 Dans son intervention, Stefano Moretti a retrac\u00e9 le parcours de Moretti Design, une entreprise fond\u00e9e en 1960 et d\u00e9velopp\u00e9e \u00e0 travers diff\u00e9rentes phases d\u2019\u00e9volution, jusqu\u2019\u00e0 sa structure productive actuelle orient\u00e9e vers l\u2019innovation et les march\u00e9s internationaux. L\u2019arriv\u00e9e de la fibre optique a repr\u00e9sent\u00e9 une \u00e9tape indispensable pour l\u2019entreprise. La connectivit\u00e9 ultra-rapide a permis de : Aujourd\u2019hui, la fibre est un facteur habilitant concret : sans elle, il ne serait pas possible de garantir le m\u00eame niveau d\u2019efficacit\u00e9 productive ni de soutenir l\u2019intensit\u00e9 des relations commerciales internationales. En particulier, dans un contexte mondial de plus en plus comp\u00e9titif, o\u00f9 les march\u00e9s \u00e9mergents exercent une forte pression sur les prix, la capacit\u00e9 \u00e0 concurrencer repose de plus en plus sur la qualit\u00e9, l\u2019innovation et la rapidit\u00e9 op\u00e9rationnelle. La fibre comme tournant pour le futur du Made in Italy L\u2019\u00e9v\u00e9nement promu par Open Fiber a confirm\u00e9 une direction d\u00e9sormais claire : la fibre optique est l\u2019une des infrastructures fondamentales pour l\u2019avenir du Made in Italy. Dans ce contexte, le t\u00e9moignage de Moretti Design refl\u00e8te une approche constante de l\u2019\u00e9volution et de l\u2019innovation : rester \u00e0 jour n\u2019est pas un choix occasionnel, mais une m\u00e9thode de travail quotidienne, n\u00e9cessaire pour cro\u00eetre et rester comp\u00e9titif sur les march\u00e9s internationaux. La connectivit\u00e9 n\u2019est donc pas un \u00e9l\u00e9ment accessoire, mais un v\u00e9ritable tournant pour la croissance des entreprises. Aujourd\u2019hui, \u00eatre comp\u00e9titif signifie savoir int\u00e9grer production, innovation et internationalisation dans un \u00e9cosyst\u00e8me de plus en plus digital et interconnect\u00e9.","og_url":"https:\/\/morettidesign.it\/fr\/2026\/04\/24\/la-fibra-ottica-come-leva-del-made-in-italy-moretti-design-racconta-levento-open-fiber\/","og_site_name":"Moretti Design","article_published_time":"2026-04-24T13:13:21+00:00","article_modified_time":"2026-04-27T13:55:24+00:00","og_image":[{"width":770,"height":455,"url":"https:\/\/morettidesign.it\/wp-content\/uploads\/2026\/04\/\u200emorettidesign-blog.\u200e001.jpeg","type":"image\/jpeg"}],"author":"Moretti Design","twitter_card":"summary_large_image","twitter_misc":{"\u00c9crit par":"Moretti Design","Dur\u00e9e de lecture estim\u00e9e":"4 minutes"},"schema":{"@context":"https:\/\/schema.org","@graph":[{"@type":"WebPage","@id":"https:\/\/morettidesign.it\/fr\/2026\/04\/24\/la-fibra-ottica-come-leva-del-made-in-italy-moretti-design-racconta-levento-open-fiber\/","url":"https:\/\/morettidesign.it\/fr\/2026\/04\/24\/la-fibra-ottica-come-leva-del-made-in-italy-moretti-design-racconta-levento-open-fiber\/","name":"La fibre optique comme levier du Made in Italy : Moretti Design raconte l\u2019\u00e9v\u00e9nement Open Fiber - Moretti Design","isPartOf":{"@id":"https:\/\/morettidesign.it\/#website"},"primaryImageOfPage":{"@id":"https:\/\/morettidesign.it\/fr\/2026\/04\/24\/la-fibra-ottica-come-leva-del-made-in-italy-moretti-design-racconta-levento-open-fiber\/#primaryimage"},"image":{"@id":"https:\/\/morettidesign.it\/fr\/2026\/04\/24\/la-fibra-ottica-come-leva-del-made-in-italy-moretti-design-racconta-levento-open-fiber\/#primaryimage"},"thumbnailUrl":"https:\/\/morettidesign.it\/wp-content\/uploads\/2026\/04\/\u200emorettidesign-blog.\u200e001.jpeg","datePublished":"2026-04-24T13:13:21+00:00","dateModified":"2026-04-27T13:55:24+00:00","author":{"@id":"https:\/\/morettidesign.it\/#\/schema\/person\/90f84f03300cc38c27e89245999c4833"},"breadcrumb":{"@id":"https:\/\/morettidesign.it\/fr\/2026\/04\/24\/la-fibra-ottica-come-leva-del-made-in-italy-moretti-design-racconta-levento-open-fiber\/#breadcrumb"},"inLanguage":"fr-FR","potentialAction":[{"@type":"ReadAction","target":["https:\/\/morettidesign.it\/fr\/2026\/04\/24\/la-fibra-ottica-come-leva-del-made-in-italy-moretti-design-racconta-levento-open-fiber\/"]}]},{"@type":"ImageObject","inLanguage":"fr-FR","@id":"https:\/\/morettidesign.it\/fr\/2026\/04\/24\/la-fibra-ottica-come-leva-del-made-in-italy-moretti-design-racconta-levento-open-fiber\/#primaryimage","url":"https:\/\/morettidesign.it\/wp-content\/uploads\/2026\/04\/\u200emorettidesign-blog.\u200e001.jpeg","contentUrl":"https:\/\/morettidesign.it\/wp-content\/uploads\/2026\/04\/\u200emorettidesign-blog.\u200e001.jpeg","width":770,"height":455},{"@type":"BreadcrumbList","@id":"https:\/\/morettidesign.it\/fr\/2026\/04\/24\/la-fibra-ottica-come-leva-del-made-in-italy-moretti-design-racconta-levento-open-fiber\/#breadcrumb","itemListElement":[{"@type":"ListItem","position":1,"name":"Home","item":"https:\/\/morettidesign.it\/fr\/"},{"@type":"ListItem","position":2,"name":"La fibre optique comme levier du Made in Italy : Moretti Design raconte l\u2019\u00e9v\u00e9nement Open Fiber"}]},{"@type":"WebSite","@id":"https:\/\/morettidesign.it\/#website","url":"https:\/\/morettidesign.it\/","name":"Moretti Design","description":"Stufe a pellet e legna","potentialAction":[{"@type":"SearchAction","target":{"@type":"EntryPoint","urlTemplate":"https:\/\/morettidesign.it\/?s={search_term_string}"},"query-input":{"@type":"PropertyValueSpecification","valueRequired":true,"valueName":"search_term_string"}}],"inLanguage":"fr-FR"},{"@type":"Person","@id":"https:\/\/morettidesign.it\/#\/schema\/person\/90f84f03300cc38c27e89245999c4833","name":"Moretti Design","image":{"@type":"ImageObject","inLanguage":"fr-FR","@id":"https:\/\/morettidesign.it\/#\/schema\/person\/image\/","url":"https:\/\/secure.gravatar.com\/avatar\/d148474cbc34ea407c27fe3390b2ff1c?s=96&d=mm&r=g","contentUrl":"https:\/\/secure.gravatar.com\/avatar\/d148474cbc34ea407c27fe3390b2ff1c?s=96&d=mm&r=g","caption":"Moretti Design"},"sameAs":["http:\/\/test.mediaworksrl.it\/test"],"url":"https:\/\/morettidesign.it\/fr\/author\/test-moretti\/"}]}},"_links":{"self":[{"href":"https:\/\/morettidesign.it\/fr\/wp-json\/wp\/v2\/posts\/65622"}],"collection":[{"href":"https:\/\/morettidesign.it\/fr\/wp-json\/wp\/v2\/posts"}],"about":[{"href":"https:\/\/morettidesign.it\/fr\/wp-json\/wp\/v2\/types\/post"}],"author":[{"embeddable":true,"href":"https:\/\/morettidesign.it\/fr\/wp-json\/wp\/v2\/users\/1"}],"replies":[{"embeddable":true,"href":"https:\/\/morettidesign.it\/fr\/wp-json\/wp\/v2\/comments?post=65622"}],"version-history":[{"count":1,"href":"https:\/\/morettidesign.it\/fr\/wp-json\/wp\/v2\/posts\/65622\/revisions"}],"predecessor-version":[{"id":65624,"href":"https:\/\/morettidesign.it\/fr\/wp-json\/wp\/v2\/posts\/65622\/revisions\/65624"}],"wp:featuredmedia":[{"embeddable":true,"href":"https:\/\/morettidesign.it\/fr\/wp-json\/wp\/v2\/media\/65584"}],"wp:attachment":[{"href":"https:\/\/morettidesign.it\/fr\/wp-json\/wp\/v2\/media?parent=65622"}],"wp:term":[{"taxonomy":"category","embeddable":true,"href":"https:\/\/morettidesign.it\/fr\/wp-json\/wp\/v2\/categories?post=65622"},{"taxonomy":"post_tag","embeddable":true,"href":"https:\/\/morettidesign.it\/fr\/wp-json\/wp\/v2\/tags?post=65622"}],"curies":[{"name":"wp","href":"https:\/\/api.w.org\/{rel}","templated":true}]}}